{"id":4465,"date":"2026-08-20T10:52:54","date_gmt":"2026-08-20T13:52:54","guid":{"rendered":"https:\/\/www2.uepg.br\/periodico\/?p=4465"},"modified":"2026-08-27T10:49:02","modified_gmt":"2026-08-27T13:49:02","slug":"critica-de-ponta-175","status":"publish","type":"post","link":"https:\/\/www2.uepg.br\/periodico\/critica-de-ponta-175\/","title":{"rendered":"Cr\u00edtica de Ponta #175"},"content":{"rendered":"<h1 style=\"text-align: center\">Cr\u00edtica de Ponta<\/h1>\n<p style=\"text-align: center\">Produzido pelo terceiro ano do curso de Jornalismo da UEPG, o Cr\u00edtica de Ponta traz o melhor da cultura da cidade de Ponta Grossa para voc\u00ea!<\/p>\n<p><img loading=\"lazy\" class=\" wp-image-4136 aligncenter\" src=\"https:\/\/www2.uepg.br\/periodico\/wp-content\/uploads\/sites\/282\/2026\/07\/cinema.png\" alt=\"\" width=\"333\" height=\"188\" srcset=\"https:\/\/www2.uepg.br\/periodico\/wp-content\/uploads\/sites\/282\/2026\/07\/cinema.png 512w, https:\/\/www2.uepg.br\/periodico\/wp-content\/uploads\/sites\/282\/2026\/07\/cinema-300x169.png 300w\" sizes=\"(max-width: 333px) 100vw, 333px\" \/><\/p>\n<p style=\"text-align: center\"><b>Marcas de um \u2018novo dia\u2019 com press\u00f5es de trabalho cotidiano<\/b><\/p>\n<p style=\"text-align: center\"><i><span style=\"font-weight: 400\">Novo filme de Homem Aranha retrata casos de estresse e burnout por exageros no servi\u00e7o<\/span><\/i><\/p>\n<p style=\"text-align: justify\">Qual o tema que pauta uma das mais recentes produ\u00e7\u00f5es do cinema mundial, que tamb\u00e9m entrou nas telas de PG? Homem Aranha: um novo dia est\u00e1 em cartaz nos cinemas de todo o mundo desde o final de julho. Na trama, Peter Parker enfrenta uma rotina exaustiva, onde vive o tempo todo apenas como super-her\u00f3i, sem dar aten\u00e7\u00e3o \u00e0 vida pessoal. Ao longo do filme, o personagem enfrenta a solid\u00e3o extrema, ataques de ansiedade e picos de estresse, que resultam em acidentes, at\u00e9 Peter ser temporariamente afastado das ruas como homem-aranha.<\/p>\n<p style=\"text-align: justify\">Dados do Minist\u00e9rio da Previd\u00eancia mostram que o Paran\u00e1 teve mais de 12 mil afastamentos de trabalho por depress\u00e3o e ansiedade em 2025. O estado \u00e9 o sexto no Pa\u00eds com mais casos de afastamentos por sa\u00fade mental, e o dado revela que o Brasil vive uma crise de sa\u00fade mental com impacto direto na vida de trabalhadores e de empresas.<\/p>\n<p><img loading=\"lazy\" class=\"wp-image-4467 aligncenter\" src=\"https:\/\/www2.uepg.br\/periodico\/wp-content\/uploads\/sites\/282\/2026\/08\/Trailer-de-Homem-Aranha-Um-Novo-Dia-supera-recorde-historico-de-Deadpool-e-Wolverine-1024x576.jpg\" alt=\"\" width=\"451\" height=\"254\" srcset=\"https:\/\/www2.uepg.br\/periodico\/wp-content\/uploads\/sites\/282\/2026\/08\/Trailer-de-Homem-Aranha-Um-Novo-Dia-supera-recorde-historico-de-Deadpool-e-Wolverine-1024x576.jpg 1024w, https:\/\/www2.uepg.br\/periodico\/wp-content\/uploads\/sites\/282\/2026\/08\/Trailer-de-Homem-Aranha-Um-Novo-Dia-supera-recorde-historico-de-Deadpool-e-Wolverine-300x169.jpg 300w, https:\/\/www2.uepg.br\/periodico\/wp-content\/uploads\/sites\/282\/2026\/08\/Trailer-de-Homem-Aranha-Um-Novo-Dia-supera-recorde-historico-de-Deadpool-e-Wolverine-768x432.jpg 768w, https:\/\/www2.uepg.br\/periodico\/wp-content\/uploads\/sites\/282\/2026\/08\/Trailer-de-Homem-Aranha-Um-Novo-Dia-supera-recorde-historico-de-Deadpool-e-Wolverine-1536x864.jpg 1536w, https:\/\/www2.uepg.br\/periodico\/wp-content\/uploads\/sites\/282\/2026\/08\/Trailer-de-Homem-Aranha-Um-Novo-Dia-supera-recorde-historico-de-Deadpool-e-Wolverine-1232x693.jpg 1232w, https:\/\/www2.uepg.br\/periodico\/wp-content\/uploads\/sites\/282\/2026\/08\/Trailer-de-Homem-Aranha-Um-Novo-Dia-supera-recorde-historico-de-Deadpool-e-Wolverine.jpg 1920w\" sizes=\"(max-width: 451px) 100vw, 451px\" \/><\/p>\n<p style=\"text-align: center\"><em>Cr\u00e9ditos: Divulga\u00e7\u00e3o<\/em><\/p>\n<p style=\"text-align: justify\"><span style=\"font-weight: 400\">A S\u00edndrome de Burnout \u00e9 um dist\u00farbio emocional de esgotamento f\u00edsico e mental causado por estresse cr\u00f4nico no ambiente de trabalho. Reconhecida pela Organiza\u00e7\u00e3o Mundial da Sa\u00fade (OMS) como um fen\u00f4meno ocupacional, ela se manifesta por exaust\u00e3o extrema, falta de motiva\u00e7\u00e3o e queda dr\u00e1stica de rendimento profissional.<\/span> <span style=\"font-weight: 400\">A s\u00edndrome foi reconhecida recentemente, o que dificultou que trabalhadores fossem diagnosticados.<\/span><\/p>\n<p style=\"text-align: justify\"><span style=\"font-weight: 400\">O filme <\/span><i><span style=\"font-weight: 400\">Homem-Aranha: Um Novo Dia<\/span><\/i><span style=\"font-weight: 400\"> arrecadou um total global de US$ 1,67 bilh\u00e3o at\u00e9 a primeira semana de agosto, tornando-se uma das produ\u00e7\u00f5es mais r\u00e1pidas a alcan\u00e7ar essa marca, e conquistando a maior bilheteira do mundo em 2026.<\/span><\/p>\n<p style=\"text-align: justify\"><span style=\"font-weight: 400\"><strong>Servi\u00e7o:<\/strong> O filme est\u00e1 em exibi\u00e7\u00e3o em cinemas de Ponta Grossa, legendado e dublado, nos shoppings da cidade, com 2h25min, dirigido Destin Daniel Kretton<\/span><\/p>\n<p style=\"text-align: right\">Eduarda Leal<\/p>\n<p>&nbsp;<\/p>\n<p style=\"text-align: justify\"><img loading=\"lazy\" class=\" wp-image-4134 aligncenter\" src=\"https:\/\/www2.uepg.br\/periodico\/wp-content\/uploads\/sites\/282\/2026\/07\/exposicao.jpg\" alt=\"\" width=\"258\" height=\"148\" \/><\/p>\n<p style=\"text-align: center\"><b>Arte em locais com estrutura inadequada\u00a0<\/b><\/p>\n<p style=\"text-align: center\"><i><span style=\"font-weight: 400\">Em 2025, a galeria municipal passou por reformas internas, por\u00e9m que n\u00e3o refletem a disposi\u00e7\u00e3o\u00a0<\/span><\/i><\/p>\n<p style=\"text-align: justify\"><span style=\"font-weight: 400\">Goteiras e falta de identifica\u00e7\u00e3o. O Acervo Municipal de Artes de Ponta Grossa, com mais de 650 obras de arte, possui um problema estrutural: a infiltra\u00e7\u00e3o. O espa\u00e7o localizado no por\u00e3o do Centro de Cultura, possui logo na entrada a exposi\u00e7\u00e3o tempor\u00e1ria, atualmente <\/span><i><span style=\"font-weight: 400\">\u201cCalderari: amar, al\u00e9m do mar\u201d, <\/span><\/i><span style=\"font-weight: 400\">do artista Fernando Calderari, que segue aberta para visita\u00e7\u00e3o at\u00e9 novembro deste ano.<\/span><\/p>\n<p style=\"text-align: justify\"><span style=\"font-weight: 400\">Ao adentrar \u00e9 poss\u00edvel identificar uma variedade de trabalhos, por\u00e9m a maioria sofre do mesmo impasse, a falta de identifica\u00e7\u00e3o dos autores. Com uma ampla gama de estilos art\u00edsticos, a dificuldade em saber quem criou determinada obra \u00e9 evidente, pois n\u00e3o h\u00e1 assinatura exposta, as quais muitas vezes est\u00e3o no verso.<\/span><\/p>\n<p><img loading=\"lazy\" class=\"wp-image-4471 aligncenter\" src=\"https:\/\/www2.uepg.br\/periodico\/wp-content\/uploads\/sites\/282\/2026\/08\/Design-sem-nome-1-1024x576.jpg\" alt=\"\" width=\"516\" height=\"290\" srcset=\"https:\/\/www2.uepg.br\/periodico\/wp-content\/uploads\/sites\/282\/2026\/08\/Design-sem-nome-1-1024x576.jpg 1024w, https:\/\/www2.uepg.br\/periodico\/wp-content\/uploads\/sites\/282\/2026\/08\/Design-sem-nome-1-300x169.jpg 300w, https:\/\/www2.uepg.br\/periodico\/wp-content\/uploads\/sites\/282\/2026\/08\/Design-sem-nome-1-768x432.jpg 768w, https:\/\/www2.uepg.br\/periodico\/wp-content\/uploads\/sites\/282\/2026\/08\/Design-sem-nome-1-1536x864.jpg 1536w, https:\/\/www2.uepg.br\/periodico\/wp-content\/uploads\/sites\/282\/2026\/08\/Design-sem-nome-1-1232x693.jpg 1232w, https:\/\/www2.uepg.br\/periodico\/wp-content\/uploads\/sites\/282\/2026\/08\/Design-sem-nome-1.jpg 1920w\" sizes=\"(max-width: 516px) 100vw, 516px\" \/><\/p>\n<p style=\"text-align: center\"><em>Cr\u00e9ditos: Emanueli Garcia<\/em><\/p>\n<p style=\"text-align: justify\"><span style=\"font-weight: 400\">O que surpreende \u00e9 a quantidade de goteiras. \u00c9 poss\u00edvel encontrar baldes espalhados pelo espa\u00e7o, contendo a \u00e1gua que respinga das paredes e do teto. Um funcion\u00e1rio do local aponta falhas na estrutura da constru\u00e7\u00e3o, que registra a infiltra\u00e7\u00e3o. Ele alega que o ambiente n\u00e3o \u00e9 adequado para o acervo. De acordo com pesquisas a respeito dos espa\u00e7os p\u00fablicos de PG, a indica\u00e7\u00e3o at\u00e9 2012 era a constru\u00e7\u00e3o de uma pinacoteca municipal, ao lado do Centro de M\u00fasica e da Biblioteca P\u00fablica. No entanto, a pinacoteca nunca saiu do projeto.<\/span><\/p>\n<p style=\"text-align: justify\"><span style=\"font-weight: 400\">De acordo com apura\u00e7\u00e3o do Cr\u00edtica de Ponta, a expectativa \u00e9 de implantar identifica\u00e7\u00e3o a partir de leitores de QR code nas obras. Por\u00e9m, para o problema da infiltra\u00e7\u00e3o, a Prefeitura Municipal n\u00e3o possui nenhum projeto para que seja resolvido.<\/span><\/p>\n<p style=\"text-align: justify\"><span style=\"font-weight: 400\">No atual acervo, as obras, distribu\u00eddas em cinco salas amplas, foram adquiridas ao longo do tempo a partir de concursos, editais, pr\u00eamio aquisi\u00e7\u00f5es e, principalmente, por doa\u00e7\u00f5es. Com entrada gratuita, a visita\u00e7\u00e3o pode ser feita com ou sem agendamento pr\u00e9vio.<\/span><\/p>\n<p><b>Servi\u00e7o: <\/b><span style=\"font-weight: 400\">Rua Augusto Ribas 722 &#8211; Centro, Ponta Grossa PR.\u00a0<\/span><\/p>\n<p><span style=\"font-weight: 400\">Hor\u00e1rio de funcionamento: de segunda a sexta das 9h \u00e0s 21h; s\u00e1bados das 9h \u00e0s 18h.<\/span><\/p>\n<p style=\"text-align: right\">Emanueli Garcia<\/p>\n<p><img loading=\"lazy\" class=\"wp-image-3687 aligncenter\" src=\"https:\/\/www2.uepg.br\/periodico\/wp-content\/uploads\/sites\/282\/2026\/06\/IMG_4848-768x433-1.jpg\" alt=\"\" width=\"289\" height=\"163\" srcset=\"https:\/\/www2.uepg.br\/periodico\/wp-content\/uploads\/sites\/282\/2026\/06\/IMG_4848-768x433-1.jpg 768w, https:\/\/www2.uepg.br\/periodico\/wp-content\/uploads\/sites\/282\/2026\/06\/IMG_4848-768x433-1-300x169.jpg 300w\" sizes=\"(max-width: 289px) 100vw, 289px\" \/><\/p>\n<p style=\"text-align: center\"><b>Entre o choque e o boletim de ocorr\u00eancia\u00a0<\/b><\/p>\n<p style=\"text-align: center\"><em><span style=\"font-weight: 400\">Cobertura regional do caso do c\u00e3o morto em frente \u00e0 UPA de Castro oscilou entre a exposi\u00e7\u00e3o sem filtro e o relato da vers\u00e3o policial<\/span><\/em><\/p>\n<p style=\"text-align: justify\"><span style=\"font-weight: 400\">Um cachorro comunit\u00e1rio foi morto a tiro em frente \u00e0 UPA de Castro (PR). O disparo foi feito por um policial de folga que tinha ido buscar a filha, estagi\u00e1ria no local. Segundo relatos, o policial foi cercado por tr\u00eas c\u00e3es de grande porte na entrada principal e tentou afast\u00e1-los com meios n\u00e3o letais antes de atirar. O animal era cuidado pela comunidade local com os outros dois. Ele era castrado, tinha as vacinas em dia e n\u00e3o demonstrava sinais de raiva, segundo moradores. Cerca de uma semana depois do ocorrido, a Pol\u00edcia Civil concluiu o inqu\u00e9rito sem indiciar o policial, alegando &#8220;estado de necessidade&#8221;\u00a0<\/span><\/p>\n<p style=\"text-align: justify\"><span style=\"font-weight: 400\">A morte do animal expos os dois lados opostos de uma cobertura regional. De um lado, o jornal <\/span><i><span style=\"font-weight: 400\">P\u00e1ginaUm,<\/span><\/i><span style=\"font-weight: 400\"> de Castro, publicou nas redes sociais, sem qualquer censura, o v\u00eddeo do animal ferido e uma foto do mesmo morto. Uma escolha que parece alimentar cada vez mais o engajamento, gerando \u201ccliques\u201d apenas por curiosidade,o que n\u00e3o informa com\u00a0 a devida responsabilidade. A imagem chocante sobressai a apura\u00e7\u00e3o, o que fica na mem\u00f3ria do leitor \u00e9 o choque.<\/span><\/p>\n<p><img loading=\"lazy\" class=\"wp-image-4485 aligncenter\" src=\"https:\/\/www2.uepg.br\/periodico\/wp-content\/uploads\/sites\/282\/2026\/08\/948324c5-40f5-4b4a-a9a8-357dea6fd3d6-1024x576.jpg\" alt=\"\" width=\"381\" height=\"214\" srcset=\"https:\/\/www2.uepg.br\/periodico\/wp-content\/uploads\/sites\/282\/2026\/08\/948324c5-40f5-4b4a-a9a8-357dea6fd3d6-1024x576.jpg 1024w, https:\/\/www2.uepg.br\/periodico\/wp-content\/uploads\/sites\/282\/2026\/08\/948324c5-40f5-4b4a-a9a8-357dea6fd3d6-300x169.jpg 300w, https:\/\/www2.uepg.br\/periodico\/wp-content\/uploads\/sites\/282\/2026\/08\/948324c5-40f5-4b4a-a9a8-357dea6fd3d6-768x432.jpg 768w, https:\/\/www2.uepg.br\/periodico\/wp-content\/uploads\/sites\/282\/2026\/08\/948324c5-40f5-4b4a-a9a8-357dea6fd3d6-1536x864.jpg 1536w, https:\/\/www2.uepg.br\/periodico\/wp-content\/uploads\/sites\/282\/2026\/08\/948324c5-40f5-4b4a-a9a8-357dea6fd3d6-1232x693.jpg 1232w, https:\/\/www2.uepg.br\/periodico\/wp-content\/uploads\/sites\/282\/2026\/08\/948324c5-40f5-4b4a-a9a8-357dea6fd3d6.jpg 1599w\" sizes=\"(max-width: 381px) 100vw, 381px\" \/><\/p>\n<p style=\"text-align: center\"><em>Cr\u00e9dito: P\u00e1gina 1 e ARede<\/em><\/p>\n<p style=\"text-align: justify\"><span style=\"font-weight: 400\">Do outro lado, o jornal <\/span><i><span style=\"font-weight: 400\">ARede<\/span><\/i><span style=\"font-weight: 400\">, de Ponta Grossa, tamb\u00e9m comete equ\u00edvocos ao informar a popula\u00e7\u00e3o sobre o acontecimento, eles apenas transcrevem a nota da Pol\u00edcia Civil, citando artigos do C\u00f3digo Penal para justificar o &#8220;estado de necessidade&#8221; do policial ao atirar no c\u00e3o. N\u00e3o houve busca por moradores, por especialistas em bem-estar animal, nem qualquer tentativa de questionar a vers\u00e3o oficial. O boletim de ocorr\u00eancia virou not\u00edcia por repeti\u00e7\u00e3o, n\u00e3o por apura\u00e7\u00e3o.\u00a0<\/span><\/p>\n<p style=\"text-align: justify\"><span style=\"font-weight: 400\">Nos dois casos, falta o que deveria ser o papel do jornalismo diante de um epis\u00f3dio que envolve viol\u00eancia e uma autoridade do Estado: mediar, apurar e questionar.<\/span><\/p>\n<p style=\"text-align: justify\"><b>Servi\u00e7o: <\/b><span style=\"font-weight: 400\">Confira o material do jornal <\/span><a href=\"https:\/\/arede.info\/campos-gerais\/663199\/morte-de-cao-em-frente-a-upa-de-castro-vira-alvo-de-investigacao-da-policia-civil\"><span style=\"font-weight: 400\">ARede <\/span><\/a><span style=\"font-weight: 400\">e<\/span><a href=\"https:\/\/www.instagram.com\/reel\/Dbbgjl6t0tu\/?igsh=MXBlOWppN2JyMnFzNg==\"><span style=\"font-weight: 400\"> P\u00e1ginaUm\u00a0<\/span><\/a><\/p>\n<p style=\"text-align: right\"><em>Sarah Brasil<\/em><\/p>\n<p><img loading=\"lazy\" class=\"wp-image-4254 aligncenter\" src=\"https:\/\/www2.uepg.br\/periodico\/wp-content\/uploads\/sites\/282\/2026\/07\/IMG_4574.JPG-768x438-1.jpeg\" alt=\"\" width=\"362\" height=\"206\" srcset=\"https:\/\/www2.uepg.br\/periodico\/wp-content\/uploads\/sites\/282\/2026\/07\/IMG_4574.JPG-768x438-1.jpeg 768w, https:\/\/www2.uepg.br\/periodico\/wp-content\/uploads\/sites\/282\/2026\/07\/IMG_4574.JPG-768x438-1-300x171.jpeg 300w\" sizes=\"(max-width: 362px) 100vw, 362px\" \/><\/p>\n<p style=\"text-align: center\"><strong>De moeda em moeda, bebidas boas e baratas de PG<\/strong><\/p>\n<p style=\"text-align: center\"><em>Container Bar oferece op\u00e7\u00f5es por menos de R$15,00<\/em><\/p>\n<p style=\"text-align: justify\"><span style=\"font-weight: 400\">Um bar pensado para caber no bolso do universit\u00e1rio: \u2018litr\u00f5es\u2019 baratos, combos especiais e promo\u00e7\u00f5es para estudantes. O Container, estabelecimento pr\u00f3ximo ao Campus Central da Universidade Estadual de Ponta Grossa (UEPG), se popularizou por comercializar op\u00e7\u00f5es de bebidas agrad\u00e1veis e com pre\u00e7os acess\u00edveis aos estudantes.<\/span><\/p>\n<p style=\"text-align: justify\"><span style=\"font-weight: 400\">Al\u00e9m das cervejas de 1L, vendidas a partir de R$11,00 para universit\u00e1rios, os <\/span><i><span style=\"font-weight: 400\">drinks <\/span><\/i><span style=\"font-weight: 400\">e caipirinhas s\u00e3o o destaque do local. Um copo do chamado <\/span><i><span style=\"font-weight: 400\">kit universit\u00e1rio<\/span><\/i><span style=\"font-weight: 400\">, que mescla vodka e energ\u00e9tico, custa R$10,00. A bebida faz sucesso pela vasta gama de sabores, como ma\u00e7\u00e3 verde, melancia, p\u00eassego, entre outros.\u00a0<\/span><\/p>\n<p><img loading=\"lazy\" class=\"wp-image-4473 aligncenter\" src=\"https:\/\/www2.uepg.br\/periodico\/wp-content\/uploads\/sites\/282\/2026\/08\/3ba2b336-59fc-4cca-b975-cb988bb7f78f-1024x664.jpg\" alt=\"\" width=\"460\" height=\"298\" srcset=\"https:\/\/www2.uepg.br\/periodico\/wp-content\/uploads\/sites\/282\/2026\/08\/3ba2b336-59fc-4cca-b975-cb988bb7f78f-1024x664.jpg 1024w, https:\/\/www2.uepg.br\/periodico\/wp-content\/uploads\/sites\/282\/2026\/08\/3ba2b336-59fc-4cca-b975-cb988bb7f78f-300x194.jpg 300w, https:\/\/www2.uepg.br\/periodico\/wp-content\/uploads\/sites\/282\/2026\/08\/3ba2b336-59fc-4cca-b975-cb988bb7f78f-768x498.jpg 768w, https:\/\/www2.uepg.br\/periodico\/wp-content\/uploads\/sites\/282\/2026\/08\/3ba2b336-59fc-4cca-b975-cb988bb7f78f.jpg 1199w\" sizes=\"(max-width: 460px) 100vw, 460px\" \/><\/p>\n<p style=\"text-align: center\"><em>Cr\u00e9ditos: Nath\u00e1lia St\u00fcpp<\/em><\/p>\n<p style=\"text-align: justify\"><span style=\"font-weight: 400\">Outro queridinho do p\u00fablico \u00e9 o <\/span><i><span style=\"font-weight: 400\">kit gin<\/span><\/i><span style=\"font-weight: 400\"> que, assim como o <\/span><i><span style=\"font-weight: 400\">drink <\/span><\/i><span style=\"font-weight: 400\">anterior, tamb\u00e9m \u00e9 composto por \u00e1lcool e energ\u00e9tico. Neste caso, cada copo \u00e9 vendido por R$12,00. As op\u00e7\u00f5es de caipirinhas n\u00e3o ficam para tr\u00e1s, o card\u00e1pio acompanha desde a acidez do lim\u00e3o at\u00e9 a do\u00e7ura do vinho.\u00a0<\/span><\/p>\n<p style=\"text-align: justify\"><span style=\"font-weight: 400\">Para quem quer aproveitar e pagar menos, frequentar o espa\u00e7o em dias de programa\u00e7\u00e3o especial \u00e9 uma boa escolha. Na \u2018quintaneja\u2019, por exemplo, dois <\/span><i><span style=\"font-weight: 400\">kit gin<\/span><\/i><span style=\"font-weight: 400\"> podem custar R$16,00. As promo\u00e7\u00f5es variam conforme o dia e sempre s\u00e3o divulgadas no perfil do Instagram do Container.<\/span><\/p>\n<p style=\"text-align: justify\"><span style=\"font-weight: 400\">N\u00e3o espere nada de \u2018refinado\u2019 do local, pois a proposta \u00e9 atender a um p\u00fablico espec\u00edfico da cidade. Se for ao local, esteja preparado para esperar na fila, sobretudo, nas quintas-feiras. O Container Bar \u00e9 uma das oito franquias de uma rede sediada no Rio Grande do Sul.<\/span><\/p>\n<p style=\"text-align: justify\"><span style=\"font-weight: 400\"><strong>Servi\u00e7o:<\/strong> O Container Bar est\u00e1 localizado na Av. Bonif\u00e1cio Vilela, 617 &#8211; Centro, Ponta Grossa &#8211; PR.<\/span><\/p>\n<p style=\"text-align: right\"><em>Giulia Neves<\/em><\/p>\n<p style=\"text-align: center\"><img loading=\"lazy\" class=\"alignnone wp-image-4260\" src=\"https:\/\/www2.uepg.br\/periodico\/wp-content\/uploads\/sites\/282\/2026\/07\/IMG_4568.JPG-768x424-1.jpeg\" alt=\"\" width=\"382\" height=\"211\" srcset=\"https:\/\/www2.uepg.br\/periodico\/wp-content\/uploads\/sites\/282\/2026\/07\/IMG_4568.JPG-768x424-1.jpeg 768w, https:\/\/www2.uepg.br\/periodico\/wp-content\/uploads\/sites\/282\/2026\/07\/IMG_4568.JPG-768x424-1-300x166.jpeg 300w\" sizes=\"(max-width: 382px) 100vw, 382px\" \/><\/p>\n<p style=\"text-align: center\"><b>\u200eExiste moda vestu\u00e1rio inclusiva em PG?<\/b><\/p>\n<p style=\"text-align: center\"><em><span style=\"font-weight: 400\">26% mulheres brasileiras enfrentam algum n\u00edvel de obesidade<\/span><\/em><\/p>\n<p style=\"text-align: justify\"><span style=\"font-weight: 400\">A moda no vestu\u00e1rio deveria atender \u00e0 diversidade de corpos, mas a realidade encontrada em muitas lojas de Ponta Grossa ainda est\u00e1 longe disso. Enquanto o mercado oferece in\u00fameras op\u00e7\u00f5es de modelos, cores e tend\u00eancias para tamanhos considerados convencionais, o p\u00fablico feminino plus size frequentemente encontra uma sele\u00e7\u00e3o limitada, muitas vezes restrita a pe\u00e7as b\u00e1sicas e com poucas alternativas de estilo.\u00a0<\/span><\/p>\n<p style=\"text-align: justify\"><span style=\"font-weight: 400\">\u200eSegundo dados do Sistema de Vigil\u00e2ncia de Fatores de Risco e Prote\u00e7\u00e3o para Doen\u00e7as Cr\u00f4nicas por Inqu\u00e9rito Telef\u00f4nico (Vigitel 2024), divulgado em 2026 pelo Minist\u00e9rio da Sa\u00fade, cerca de 60% das mulheres brasileiras est\u00e3o acima do peso e 26% enfrentam algum n\u00edvel de obesidade. O que mostra que existe um p\u00fablico que consome e tem necessidade de numera\u00e7\u00e3o maior do que o dispon\u00edvel.<\/span><\/p>\n<p style=\"text-align: justify\"><span style=\"font-weight: 400\">\u200eEm levantamento in\u00e9dito, a reportagem do <\/span><i><span style=\"font-weight: 400\">Cr\u00edtica de Ponta<\/span><\/i><span style=\"font-weight: 400\"> visitou quatro lojas de roupas de Ponta Grossa: duas no cal\u00e7ad\u00e3o e duas em shoppings da cidade. O levantamento revelou que, das quatro, uma tem \u00e1rea espec\u00edfica com roupas maiores que as op\u00e7\u00f5es P, M e G. Nas outras tr\u00eas, apenas algumas pe\u00e7as t\u00eam n\u00fameros superiores que GG. A numera\u00e7\u00e3o de cal\u00e7as encontradas foi o 56 dispon\u00edvel em duas das quatro. E em todas as lojas visitadas as op\u00e7\u00f5es s\u00e3o poucas, sem variedade de estilos, cores chamativas ou op\u00e7\u00f5es de roupas curtas como o cropped, por exemplo.<\/span><\/p>\n<p style=\"text-align: justify\"><span style=\"font-weight: 400\">A falta de variedade n\u00e3o \u00e9 apenas uma quest\u00e3o comercial, mas de representatividade: mulheres de diferentes corpos tamb\u00e9m querem acompanhar tend\u00eancias, experimentar estilos e encontrar roupas que expressem personalidades. Ao limitar as consumidoras a poucas op\u00e7\u00f5es, o mercado refor\u00e7a uma ideia de que a moda n\u00e3o \u00e9 pensada para todos os corpos, evidenciando uma pr\u00e1tica exclus\u00e3o que ainda precisa ser enfrentada pelo setor.<\/span><\/p>\n<p style=\"text-align: right\"><em>Amanda Rafaella<\/em><\/p>\n<p><b>Ficha t\u00e9cnica<\/b><\/p>\n<p><b>Autores:\u00a0<\/b>Eduarda Leal, Emanueli Paini, Sarah Brasil, Giulia Neves e Amanda Rafaella<\/p>\n<p><b>Supervis\u00e3o de produ\u00e7\u00e3o:<\/b> S\u00e9rgio Gadini<\/p>\n<p><b>Edi\u00e7\u00e3o e publica\u00e7\u00e3o:<\/b> Nath\u00e1lia St\u00fcpp<\/p>\n<p><b>Supervis\u00e3o de publica\u00e7\u00e3o:<\/b>\u00a0Aline Rosso e Muriel Em\u00eddio Pessoa do Amaral<\/p>\n<p><b>Contato:<\/b>\u00a0periodico@uepg.br<\/p>\n","protected":false},"excerpt":{"rendered":"<p>Cr\u00edtica de Ponta Produzido pelo terceiro ano do curso de Jornalismo da UEPG, o Cr\u00edtica de Ponta traz o melhor da cultura da cidade de Ponta Grossa para voc\u00ea! Marcas de um \u2018novo dia\u2019 com press\u00f5es de trabalho cotidiano Novo filme de Homem Aranha retrata casos de estresse e burnout por exageros no servi\u00e7o Qual&nbsp;&hellip;<\/p>\n","protected":false},"author":929,"featured_media":4439,"comment_status":"closed","ping_status":"open","sticky":false,"template":"","format":"standard","meta":[],"categories":[5,8,2],"tags":[84,85],"_links":{"self":[{"href":"https:\/\/www2.uepg.br\/periodico\/wp-json\/wp\/v2\/posts\/4465"}],"collection":[{"href":"https:\/\/www2.uepg.br\/periodico\/wp-json\/wp\/v2\/posts"}],"about":[{"href":"https:\/\/www2.uepg.br\/periodico\/wp-json\/wp\/v2\/types\/post"}],"author":[{"embeddable":true,"href":"https:\/\/www2.uepg.br\/periodico\/wp-json\/wp\/v2\/users\/929"}],"replies":[{"embeddable":true,"href":"https:\/\/www2.uepg.br\/periodico\/wp-json\/wp\/v2\/comments?post=4465"}],"version-history":[{"count":1,"href":"https:\/\/www2.uepg.br\/periodico\/wp-json\/wp\/v2\/posts\/4465\/revisions"}],"predecessor-version":[{"id":4488,"href":"https:\/\/www2.uepg.br\/periodico\/wp-json\/wp\/v2\/posts\/4465\/revisions\/4488"}],"wp:featuredmedia":[{"embeddable":true,"href":"https:\/\/www2.uepg.br\/periodico\/wp-json\/wp\/v2\/media\/4439"}],"wp:attachment":[{"href":"https:\/\/www2.uepg.br\/periodico\/wp-json\/wp\/v2\/media?parent=4465"}],"wp:term":[{"taxonomy":"category","embeddable":true,"href":"https:\/\/www2.uepg.br\/periodico\/wp-json\/wp\/v2\/categories?post=4465"},{"taxonomy":"post_tag","embeddable":true,"href":"https:\/\/www2.uepg.br\/periodico\/wp-json\/wp\/v2\/tags?post=4465"}],"curies":[{"name":"wp","href":"https:\/\/api.w.org\/{rel}","templated":true}]}}