{"id":4468,"date":"2026-08-20T10:39:59","date_gmt":"2026-08-20T13:39:59","guid":{"rendered":"https:\/\/www2.uepg.br\/periodico\/?p=4468"},"modified":"2026-08-27T10:54:55","modified_gmt":"2026-08-27T13:54:55","slug":"critica-de-ponta-144","status":"publish","type":"post","link":"https:\/\/www2.uepg.br\/periodico\/critica-de-ponta-144\/","title":{"rendered":"Cr\u00edtica de Ponta na TV! #144"},"content":{"rendered":"<div class='embed-container'><iframe loading=\"lazy\" title=\"Cr\u00edtica de Ponta #144\" width=\"1778\" height=\"1000\" src=\"https:\/\/www.youtube.com\/embed\/afcRRYvXx0U?feature=oembed\" frameborder=\"0\" allow=\"accelerometer; autoplay; clipboard-write; encrypted-media; gyroscope; picture-in-picture; web-share\" referrerpolicy=\"strict-origin-when-cross-origin\" allowfullscreen><\/iframe><\/div>\n<p>Assista a nova edi\u00e7\u00e3o do Cr\u00edtica de Ponta na TV, produzido por estudantes do terceiro ano de Jornalismo da UEPG em 2026. Confira o programa no portal Peri\u00f3dico ou nas redes sociais. O Cr\u00edtica de Ponta vai ao ar na r\u00e1dio Comunit\u00e1ria Princesa FM 87.9 aos s\u00e1bados \u00e0s 8h30.<\/p>\n<p><strong>Ficha t\u00e9cnica <\/strong><\/p>\n<p><strong>Produ\u00e7\u00e3o<\/strong>: Amanda Rafaella, Celyne Stefani , Eduarda Leal, Emanueli Garcia, Giulia Neves e Sarah Brasil<\/p>\n<p><strong>Supervis\u00e3o de produ\u00e7\u00e3o<\/strong>: Paula Rocha e S\u00e9rgio Gadini<\/p>\n<p><strong>Supervis\u00e3o t\u00e9cnica<\/strong>: Athon Gallera e Felipe Galv\u00e3o<\/p>\n<p><strong>Publica\u00e7\u00e3o<\/strong>: Yasmin Salgado e Giulia Neves<\/p>\n<p><strong>Supervis\u00e3o de publica\u00e7\u00e3o<\/strong>: Aline Rosso e Muriel Emidio Pessoa do Amaral<\/p>\n","protected":false},"excerpt":{"rendered":"<p>Assista a nova edi\u00e7\u00e3o do Cr\u00edtica de Ponta na TV, produzido por estudantes do terceiro ano de Jornalismo da UEPG em 2026. Confira o programa no portal Peri\u00f3dico ou nas redes sociais. O Cr\u00edtica de Ponta vai ao ar na r\u00e1dio Comunit\u00e1ria Princesa FM 87.9 aos s\u00e1bados \u00e0s 8h30. Ficha t\u00e9cnica Produ\u00e7\u00e3o: Amanda Rafaella, Celyne&nbsp;&hellip;<\/p>\n","protected":false},"author":933,"featured_media":4443,"comment_status":"closed","ping_status":"open","sticky":false,"template":"","format":"standard","meta":[],"categories":[5,6,2],"tags":[84,97],"_links":{"self":[{"href":"https:\/\/www2.uepg.br\/periodico\/wp-json\/wp\/v2\/posts\/4468"}],"collection":[{"href":"https:\/\/www2.uepg.br\/periodico\/wp-json\/wp\/v2\/posts"}],"about":[{"href":"https:\/\/www2.uepg.br\/periodico\/wp-json\/wp\/v2\/types\/post"}],"author":[{"embeddable":true,"href":"https:\/\/www2.uepg.br\/periodico\/wp-json\/wp\/v2\/users\/933"}],"replies":[{"embeddable":true,"href":"https:\/\/www2.uepg.br\/periodico\/wp-json\/wp\/v2\/comments?post=4468"}],"version-history":[{"count":2,"href":"https:\/\/www2.uepg.br\/periodico\/wp-json\/wp\/v2\/posts\/4468\/revisions"}],"predecessor-version":[{"id":4587,"href":"https:\/\/www2.uepg.br\/periodico\/wp-json\/wp\/v2\/posts\/4468\/revisions\/4587"}],"wp:featuredmedia":[{"embeddable":true,"href":"https:\/\/www2.uepg.br\/periodico\/wp-json\/wp\/v2\/media\/4443"}],"wp:attachment":[{"href":"https:\/\/www2.uepg.br\/periodico\/wp-json\/wp\/v2\/media?parent=4468"}],"wp:term":[{"taxonomy":"category","embeddable":true,"href":"https:\/\/www2.uepg.br\/periodico\/wp-json\/wp\/v2\/categories?post=4468"},{"taxonomy":"post_tag","embeddable":true,"href":"https:\/\/www2.uepg.br\/periodico\/wp-json\/wp\/v2\/tags?post=4468"}],"curies":[{"name":"wp","href":"https:\/\/api.w.org\/{rel}","templated":true}]}}