{"id":4504,"date":"2026-08-25T14:12:14","date_gmt":"2026-08-25T17:12:14","guid":{"rendered":"https:\/\/www2.uepg.br\/periodico\/?p=4504"},"modified":"2026-08-27T10:45:02","modified_gmt":"2026-08-27T13:45:02","slug":"ponto-da-noticia-170","status":"publish","type":"post","link":"https:\/\/www2.uepg.br\/periodico\/ponto-da-noticia-170\/","title":{"rendered":"Ponto da Not\u00edcia #170"},"content":{"rendered":"<!--[if lt IE 9]><script>document.createElement('audio');<\/script><![endif]-->\n<audio class=\"wp-audio-shortcode\" id=\"audio-4504-1\" preload=\"none\" style=\"width: 100%;\" controls=\"controls\"><source type=\"audio\/mpeg\" src=\"https:\/\/www2.uepg.br\/periodico\/wp-content\/uploads\/sites\/282\/2026\/08\/Radiojornal-4-Turma-A.mp3?_=1\" \/><a href=\"https:\/\/www2.uepg.br\/periodico\/wp-content\/uploads\/sites\/282\/2026\/08\/Radiojornal-4-Turma-A.mp3\">https:\/\/www2.uepg.br\/periodico\/wp-content\/uploads\/sites\/282\/2026\/08\/Radiojornal-4-Turma-A.mp3<\/a><\/audio>\n<p>O Ponto da Not\u00edcia\u00a0<a class=\"x1i10hfl xjbqb8w x1ejq31n x18oe1m7 x1sy0etr xstzfhl x972fbf x10w94by x1qhh985 x14e42zd x9f619 x1ypdohk xt0psk2 x3ct3a4 xdj266r x14z9mp xat24cr x1lziwak xexx8yu xyri2b x18d9i69 x1c1uobl x16tdsg8 x1hl2dhg xggy1nq x1a2a7pz _aa9_ _a6hd\" role=\"link\" href=\"https:\/\/www.instagram.com\/explore\/tags\/170\/\">#170<\/a> do Ponto da Not\u00edcia destaca como as obras de desassoreamento no Lago de Olarias afetam os comerciantes do local. Ponta Grossa tem apenas um restaurante popular, o que fica abaixo de outras cidades de mesmo porte no Paran\u00e1 que possuem ao menos quatro unidades. A Feira de Economia Solid\u00e1ria existe h\u00e1 mais de 20 anos na UEPG e incentiva empreendimentos de produtores locais.<\/p>\n<p>&nbsp;<\/p>\n<p><strong>Ficha t\u00e9cnica<\/strong><\/p>\n<p><strong>Produ\u00e7\u00e3o:<\/strong> Anna Teixeira, Bebel Costalonga e Isabella Meira<\/p>\n<p><strong>Rep\u00f3rteres:<\/strong> Bebel Costalonga, Isabella Meira e Maria Thereza Mello<\/p>\n<p><strong>Locu\u00e7\u00e3o: <\/strong>Gabriel Vit\u00f3rio e Isabelli Piva<\/p>\n<p><strong>Edi\u00e7\u00e3o e t\u00e9cnica:<\/strong>\u00a0Reinaldo dos Santos<\/p>\n<p><strong>Professor respons\u00e1vel:<\/strong> Manoel Moabis<\/p>\n<p><strong>Publica\u00e7\u00e3o:\u00a0<\/strong>Jo\u00e3o Pimentel e Larissa Didres<\/p>\n<p><strong>Supervis\u00e3o de publica\u00e7\u00e3o:<\/strong>\u00a0Aline Rosso e Muriel Em\u00eddio Amaral<\/p>\n<p>&nbsp;<\/p>\n","protected":false},"excerpt":{"rendered":"<p>O Ponto da Not\u00edcia\u00a0#170 do Ponto da Not\u00edcia destaca como as obras de desassoreamento no Lago de Olarias afetam os comerciantes do local. Ponta Grossa tem apenas um restaurante popular, o que fica abaixo de outras cidades de mesmo porte no Paran\u00e1 que possuem ao menos quatro unidades. A Feira de Economia Solid\u00e1ria existe h\u00e1&nbsp;&hellip;<\/p>\n","protected":false},"author":950,"featured_media":4507,"comment_status":"closed","ping_status":"open","sticky":false,"template":"","format":"standard","meta":[],"categories":[2,10],"tags":[45,83],"_links":{"self":[{"href":"https:\/\/www2.uepg.br\/periodico\/wp-json\/wp\/v2\/posts\/4504"}],"collection":[{"href":"https:\/\/www2.uepg.br\/periodico\/wp-json\/wp\/v2\/posts"}],"about":[{"href":"https:\/\/www2.uepg.br\/periodico\/wp-json\/wp\/v2\/types\/post"}],"author":[{"embeddable":true,"href":"https:\/\/www2.uepg.br\/periodico\/wp-json\/wp\/v2\/users\/950"}],"replies":[{"embeddable":true,"href":"https:\/\/www2.uepg.br\/periodico\/wp-json\/wp\/v2\/comments?post=4504"}],"version-history":[{"count":4,"href":"https:\/\/www2.uepg.br\/periodico\/wp-json\/wp\/v2\/posts\/4504\/revisions"}],"predecessor-version":[{"id":4563,"href":"https:\/\/www2.uepg.br\/periodico\/wp-json\/wp\/v2\/posts\/4504\/revisions\/4563"}],"wp:featuredmedia":[{"embeddable":true,"href":"https:\/\/www2.uepg.br\/periodico\/wp-json\/wp\/v2\/media\/4507"}],"wp:attachment":[{"href":"https:\/\/www2.uepg.br\/periodico\/wp-json\/wp\/v2\/media?parent=4504"}],"wp:term":[{"taxonomy":"category","embeddable":true,"href":"https:\/\/www2.uepg.br\/periodico\/wp-json\/wp\/v2\/categories?post=4504"},{"taxonomy":"post_tag","embeddable":true,"href":"https:\/\/www2.uepg.br\/periodico\/wp-json\/wp\/v2\/tags?post=4504"}],"curies":[{"name":"wp","href":"https:\/\/api.w.org\/{rel}","templated":true}]}}