{"id":4542,"date":"2026-08-25T14:41:04","date_gmt":"2026-08-25T17:41:04","guid":{"rendered":"https:\/\/www2.uepg.br\/periodico\/?p=4542"},"modified":"2026-08-27T10:55:04","modified_gmt":"2026-08-27T13:55:04","slug":"critica-de-ponta-145","status":"publish","type":"post","link":"https:\/\/www2.uepg.br\/periodico\/critica-de-ponta-145\/","title":{"rendered":"Cr\u00edtica de Ponta na TV! #145"},"content":{"rendered":"<div class='embed-container'><iframe loading=\"lazy\" title=\"Cr\u00edtica de Ponta #145\" width=\"1778\" height=\"1000\" src=\"https:\/\/www.youtube.com\/embed\/rMKlCcQCLVs?feature=oembed\" frameborder=\"0\" allow=\"accelerometer; autoplay; clipboard-write; encrypted-media; gyroscope; picture-in-picture; web-share\" referrerpolicy=\"strict-origin-when-cross-origin\" allowfullscreen><\/iframe><\/div>\n<p><span style=\"font-weight: 400\">Assista a nova edi\u00e7\u00e3o do Cr\u00edtica de Ponta na TV, produzido por estudantes do terceiro ano de Jornalismo da UEPG em 2026. Confira o programa no portal Peri\u00f3dico ou nas redes sociais. O Cr\u00edtica de Ponta vai ao ar na r\u00e1dio Comunit\u00e1ria Princesa FM 87.9 aos s\u00e1bados \u00e0s 8h30.<\/span><\/p>\n<p>&nbsp;<\/p>\n<p><strong>Ficha t\u00e9cnica:<\/strong><\/p>\n<p><span style=\"font-weight: 400\"><strong>Produ\u00e7\u00e3o:<\/strong> Amanda Los, Jo\u00e3o Pimentel, Ingrid Muller, Karine Santos, Lucas Barbato, Mafe Sperafico, Marina Ranzani, Matheus Le\u00f4nidas e Pedro Moro;<\/span><\/p>\n<p><span style=\"font-weight: 400\"><strong>Supervis\u00e3o de produ\u00e7\u00e3o:<\/strong> Paula Rocha e S\u00e9rgio Luiz Gadini;<\/span><\/p>\n<p><span style=\"font-weight: 400\"><strong>Supervis\u00e3o t\u00e9cnica:<\/strong> Athon Gallera e Felipe Galv\u00e3o;<\/span><\/p>\n<p><span style=\"font-weight: 400\"><strong>Edi\u00e7\u00e3o e publica\u00e7\u00e3o:<\/strong> Larissa Viero, Lorena Santana e Matheus Le\u00f4nidas;<\/span><\/p>\n<p><span style=\"font-weight: 400\"><strong>Supervis\u00e3o de publica\u00e7\u00e3o:<\/strong> Aline Rosso e Muriel Em\u00eddio Pessoa do Amaral.<\/span><\/p>\n<p>&nbsp;<\/p>\n","protected":false},"excerpt":{"rendered":"<p>Assista a nova edi\u00e7\u00e3o do Cr\u00edtica de Ponta na TV, produzido por estudantes do terceiro ano de Jornalismo da UEPG em 2026. Confira o programa no portal Peri\u00f3dico ou nas redes sociais. O Cr\u00edtica de Ponta vai ao ar na r\u00e1dio Comunit\u00e1ria Princesa FM 87.9 aos s\u00e1bados \u00e0s 8h30. &nbsp; Ficha t\u00e9cnica: Produ\u00e7\u00e3o: Amanda Los,&nbsp;&hellip;<\/p>\n","protected":false},"author":870,"featured_media":0,"comment_status":"closed","ping_status":"open","sticky":false,"template":"","format":"standard","meta":[],"categories":[5,6,2],"tags":[84,97],"_links":{"self":[{"href":"https:\/\/www2.uepg.br\/periodico\/wp-json\/wp\/v2\/posts\/4542"}],"collection":[{"href":"https:\/\/www2.uepg.br\/periodico\/wp-json\/wp\/v2\/posts"}],"about":[{"href":"https:\/\/www2.uepg.br\/periodico\/wp-json\/wp\/v2\/types\/post"}],"author":[{"embeddable":true,"href":"https:\/\/www2.uepg.br\/periodico\/wp-json\/wp\/v2\/users\/870"}],"replies":[{"embeddable":true,"href":"https:\/\/www2.uepg.br\/periodico\/wp-json\/wp\/v2\/comments?post=4542"}],"version-history":[{"count":2,"href":"https:\/\/www2.uepg.br\/periodico\/wp-json\/wp\/v2\/posts\/4542\/revisions"}],"predecessor-version":[{"id":4588,"href":"https:\/\/www2.uepg.br\/periodico\/wp-json\/wp\/v2\/posts\/4542\/revisions\/4588"}],"wp:attachment":[{"href":"https:\/\/www2.uepg.br\/periodico\/wp-json\/wp\/v2\/media?parent=4542"}],"wp:term":[{"taxonomy":"category","embeddable":true,"href":"https:\/\/www2.uepg.br\/periodico\/wp-json\/wp\/v2\/categories?post=4542"},{"taxonomy":"post_tag","embeddable":true,"href":"https:\/\/www2.uepg.br\/periodico\/wp-json\/wp\/v2\/tags?post=4542"}],"curies":[{"name":"wp","href":"https:\/\/api.w.org\/{rel}","templated":true}]}}