{"id":4552,"date":"2026-08-25T15:03:05","date_gmt":"2026-08-25T18:03:05","guid":{"rendered":"https:\/\/www2.uepg.br\/periodico\/?p=4552"},"modified":"2026-08-27T11:05:57","modified_gmt":"2026-08-27T14:05:57","slug":"critica-de-ponta-145-2","status":"publish","type":"post","link":"https:\/\/www2.uepg.br\/periodico\/critica-de-ponta-145-2\/","title":{"rendered":"Cr\u00edtica de Ponta #145"},"content":{"rendered":"<!--[if lt IE 9]><script>document.createElement('audio');<\/script><![endif]-->\n<audio class=\"wp-audio-shortcode\" id=\"audio-4552-1\" preload=\"none\" style=\"width: 100%;\" controls=\"controls\"><source type=\"audio\/mpeg\" src=\"https:\/\/www2.uepg.br\/periodico\/wp-content\/uploads\/sites\/282\/2026\/08\/PROGRAMA-MATHEUS-OK-online-audio-converter.com_.mp3?_=1\" \/><a href=\"https:\/\/www2.uepg.br\/periodico\/wp-content\/uploads\/sites\/282\/2026\/08\/PROGRAMA-MATHEUS-OK-online-audio-converter.com_.mp3\">https:\/\/www2.uepg.br\/periodico\/wp-content\/uploads\/sites\/282\/2026\/08\/PROGRAMA-MATHEUS-OK-online-audio-converter.com_.mp3<\/a><\/audio>\n<p>Ou\u00e7a a nova edi\u00e7\u00e3o do Cr\u00edtica de Ponta na R\u00e1dio, produzido por estudantes do terceiro ano de Jornalismo da UEPG em 2026. Confira o programa no portal Peri\u00f3dico ou nas redes sociais. O Cr\u00edtica de Ponta vai ao ar na r\u00e1dio Comunit\u00e1ria Princesa FM 87.9 aos s\u00e1bados \u00e0s 8h30.<\/p>\n<p>&nbsp;<\/p>\n<p><strong>Ficha t\u00e9cnica:<\/strong><\/p>\n<p><span style=\"font-weight: 400\"><strong>Produ\u00e7\u00e3o:<\/strong> Amanda Los, Jo\u00e3o Pimentel, Ingrid Muller, Karine Santos, Lucas Barbato, Mafe Sperafico, Marina Ranzani, Matheus Le\u00f4nidas e Pedro Moro;<\/span><\/p>\n<p><span style=\"font-weight: 400\"><strong>Supervis\u00e3o de produ\u00e7\u00e3o:<\/strong> Paula Rocha e S\u00e9rgio Luiz Gadini;<\/span><\/p>\n<p><span style=\"font-weight: 400\"><strong>Supervis\u00e3o t\u00e9cnica:<\/strong> Athon Gallera e Felipe Galv\u00e3o;<\/span><\/p>\n<p><span style=\"font-weight: 400\"><strong>Edi\u00e7\u00e3o e publica\u00e7\u00e3o:<\/strong> Larissa Viero, Lorena Santana e Matheus Le\u00f4nidas;<\/span><\/p>\n<p><span style=\"font-weight: 400\"><strong>Supervis\u00e3o de publica\u00e7\u00e3o:<\/strong> Aline Rosso e Muriel Em\u00eddio Pessoa do Amaral.<\/span><\/p>\n","protected":false},"excerpt":{"rendered":"<p>Ou\u00e7a a nova edi\u00e7\u00e3o do Cr\u00edtica de Ponta na R\u00e1dio, produzido por estudantes do terceiro ano de Jornalismo da UEPG em 2026. Confira o programa no portal Peri\u00f3dico ou nas redes sociais. O Cr\u00edtica de Ponta vai ao ar na r\u00e1dio Comunit\u00e1ria Princesa FM 87.9 aos s\u00e1bados \u00e0s 8h30. &nbsp; Ficha t\u00e9cnica: Produ\u00e7\u00e3o: Amanda Los,&nbsp;&hellip;<\/p>\n","protected":false},"author":870,"featured_media":4069,"comment_status":"closed","ping_status":"open","sticky":false,"template":"","format":"standard","meta":[],"categories":[5,9,2],"tags":[84],"_links":{"self":[{"href":"https:\/\/www2.uepg.br\/periodico\/wp-json\/wp\/v2\/posts\/4552"}],"collection":[{"href":"https:\/\/www2.uepg.br\/periodico\/wp-json\/wp\/v2\/posts"}],"about":[{"href":"https:\/\/www2.uepg.br\/periodico\/wp-json\/wp\/v2\/types\/post"}],"author":[{"embeddable":true,"href":"https:\/\/www2.uepg.br\/periodico\/wp-json\/wp\/v2\/users\/870"}],"replies":[{"embeddable":true,"href":"https:\/\/www2.uepg.br\/periodico\/wp-json\/wp\/v2\/comments?post=4552"}],"version-history":[{"count":2,"href":"https:\/\/www2.uepg.br\/periodico\/wp-json\/wp\/v2\/posts\/4552\/revisions"}],"predecessor-version":[{"id":4556,"href":"https:\/\/www2.uepg.br\/periodico\/wp-json\/wp\/v2\/posts\/4552\/revisions\/4556"}],"wp:featuredmedia":[{"embeddable":true,"href":"https:\/\/www2.uepg.br\/periodico\/wp-json\/wp\/v2\/media\/4069"}],"wp:attachment":[{"href":"https:\/\/www2.uepg.br\/periodico\/wp-json\/wp\/v2\/media?parent=4552"}],"wp:term":[{"taxonomy":"category","embeddable":true,"href":"https:\/\/www2.uepg.br\/periodico\/wp-json\/wp\/v2\/categories?post=4552"},{"taxonomy":"post_tag","embeddable":true,"href":"https:\/\/www2.uepg.br\/periodico\/wp-json\/wp\/v2\/tags?post=4552"}],"curies":[{"name":"wp","href":"https:\/\/api.w.org\/{rel}","templated":true}]}}