{"id":4558,"date":"2026-08-25T16:06:12","date_gmt":"2026-08-25T19:06:12","guid":{"rendered":"https:\/\/www2.uepg.br\/periodico\/?p=4558"},"modified":"2026-08-27T10:45:15","modified_gmt":"2026-08-27T13:45:15","slug":"ponto-da-noticia-171","status":"publish","type":"post","link":"https:\/\/www2.uepg.br\/periodico\/ponto-da-noticia-171\/","title":{"rendered":"Ponto da Not\u00edcia #171"},"content":{"rendered":"<!--[if lt IE 9]><script>document.createElement('audio');<\/script><![endif]-->\n<audio class=\"wp-audio-shortcode\" id=\"audio-4558-1\" preload=\"none\" style=\"width: 100%;\" controls=\"controls\"><source type=\"audio\/mpeg\" src=\"https:\/\/www2.uepg.br\/periodico\/wp-content\/uploads\/sites\/282\/2026\/08\/Ponto-da-noti\u0301cia-2508-turma-b.mp3?_=1\" \/><a href=\"https:\/\/www2.uepg.br\/periodico\/wp-content\/uploads\/sites\/282\/2026\/08\/Ponto-da-noti\u0301cia-2508-turma-b.mp3\">https:\/\/www2.uepg.br\/periodico\/wp-content\/uploads\/sites\/282\/2026\/08\/Ponto-da-noti\u0301cia-2508-turma-b.mp3<\/a><\/audio>\n<p>O Ponto da Not\u00edcia\u00a0<a class=\"x1i10hfl xjbqb8w x1ejq31n x18oe1m7 x1sy0etr xstzfhl x972fbf x10w94by x1qhh985 x14e42zd x9f619 x1ypdohk xt0psk2 x3ct3a4 xdj266r x14z9mp xat24cr x1lziwak xexx8yu xyri2b x18d9i69 x1c1uobl x16tdsg8 x1hl2dhg xggy1nq x1a2a7pz _aa9_ _a6hd\" role=\"link\" href=\"https:\/\/www.instagram.com\/explore\/tags\/170\/\">#171 <\/a>do Ponto da Not\u00edcia destaca: <span class=\"cursor-pointer group\" title=\"Reproduzir a partir de 0:24\"><span class=\"group-hover:bg-base-200 rounded p-0.5 -m-0.5\" data-start=\"23820\" data-end=\"25540\">Desmoronamento na rua Doutor Collares<\/span><\/span> <span class=\"cursor-pointer group\" title=\"Reproduzir a partir de 0:26\"><span class=\"group-hover:bg-base-200 rounded p-0.5 -m-0.5\" data-start=\"25540\" data-end=\"27900\">gera preocupa\u00e7\u00e3o aos moradores e motoristas <\/span><\/span><span class=\"cursor-pointer group\" title=\"Reproduzir a partir de 0:28\"><span class=\"group-hover:bg-base-200 rounded p-0.5 -m-0.5\" data-start=\"27900\" data-end=\"29020\">que passam pela regi\u00e3o. P<\/span><\/span><span class=\"cursor-pointer group\" title=\"Reproduzir a partir de 0:30\"><span class=\"group-hover:bg-base-200 rounded p-0.5 -m-0.5\" data-start=\"29800\" data-end=\"31880\">repara\u00e7\u00e3o para eventos clim\u00e1ticos extremos<\/span><\/span> <span class=\"cursor-pointer group\" title=\"Reproduzir a partir de 0:32\"><span class=\"group-hover:bg-base-200 rounded p-0.5 -m-0.5\" data-start=\"31880\" data-end=\"33660\">envolve planejamento, monitoramento<\/span><\/span><span class=\"opacity-80 text-sm\" data-timestamp=\"\">\u00a0<\/span><span class=\"cursor-pointer group\" title=\"Reproduzir a partir de 0:34\"><span class=\"group-hover:bg-base-200 rounded p-0.5 -m-0.5\" data-start=\"33660\" data-end=\"34860\">e prote\u00e7\u00e3o \u00e0s fam\u00edlias.<\/span><\/span><span class=\"opacity-80 text-sm\" data-timestamp=\"\">\u00a0<\/span><span class=\"cursor-pointer group\" title=\"Reproduzir a partir de 0:35\"><span class=\"group-hover:bg-base-200 rounded p-0.5 -m-0.5\" data-start=\"34860\" data-end=\"37800\">Ponta Grossa tem mais de 60 mil pessoas<\/span><\/span> <span class=\"cursor-pointer group\" title=\"Reproduzir a partir de 0:38\"><span class=\"group-hover:bg-base-200 rounded p-0.5 -m-0.5\" data-start=\"37800\" data-end=\"39220\">inscritas no Cadastro \u00danico<\/span><\/span><span class=\"opacity-80 text-sm\" data-timestamp=\"\">\u00a0<\/span><span class=\"cursor-pointer group\" title=\"Reproduzir a partir de 0:39\"><span class=\"group-hover:bg-base-200 rounded p-0.5 -m-0.5\" data-start=\"39220\" data-end=\"40860\">com o ensino regular incompleto.<\/span><\/span><span class=\"opacity-80 text-sm\" data-timestamp=\"\">\u00a0<\/span><span class=\"cursor-pointer group\" title=\"Reproduzir a partir de 0:41\"><span class=\"group-hover:bg-base-200 rounded p-0.5 -m-0.5\" data-start=\"41340\" data-end=\"43060\">Ponta Grossa registra baixa ades\u00e3o<\/span><\/span> <span class=\"cursor-pointer group\" title=\"Reproduzir a partir de 0:43\"><span class=\"group-hover:bg-base-200 rounded p-0.5 -m-0.5\" data-start=\"43060\" data-end=\"44260\">\u00e0 vacina contra a gripe.<\/span><\/span><\/p>\n<p><strong>Ficha t\u00e9cnica<\/strong><\/p>\n<p><strong>Produ\u00e7\u00e3o: <\/strong>Lorena Rocha, L\u00edvia Anjos e Kamille Vidal<\/p>\n<p><strong>Rep\u00f3rteres:<\/strong> Luciana Scherner, Lorena Rocha, Malu Dip e Valentina Bortoluzze<\/p>\n<p><strong>Locu\u00e7\u00e3o: <\/strong>Malu Dip e Valentina Bortoluzze<\/p>\n<p><strong>Edi\u00e7\u00e3o e t\u00e9cnica: <\/strong>Reinaldo dos Santos<\/p>\n<p><strong>Professor respons\u00e1vel:<\/strong>\u00a0Manoel Moabis<\/p>\n<p><strong>Publica\u00e7\u00e3o:\u00a0<\/strong>Amanda Rafaella e Mafe Sperafico<\/p>\n<p><strong>Supervis\u00e3o de publica\u00e7\u00e3o:<\/strong>\u00a0Aline Rosso e Muriel Em\u00eddio Amaral<\/p>\n","protected":false},"excerpt":{"rendered":"<p>O Ponto da Not\u00edcia\u00a0#171 do Ponto da Not\u00edcia destaca: Desmoronamento na rua Doutor Collares gera preocupa\u00e7\u00e3o aos moradores e motoristas que passam pela regi\u00e3o. Prepara\u00e7\u00e3o para eventos clim\u00e1ticos extremos envolve planejamento, monitoramento\u00a0e prote\u00e7\u00e3o \u00e0s fam\u00edlias.\u00a0Ponta Grossa tem mais de 60 mil pessoas inscritas no Cadastro \u00danico\u00a0com o ensino regular incompleto.\u00a0Ponta Grossa registra baixa ades\u00e3o \u00e0&nbsp;&hellip;<\/p>\n","protected":false},"author":945,"featured_media":4565,"comment_status":"closed","ping_status":"open","sticky":false,"template":"","format":"standard","meta":[],"categories":[2,10],"tags":[45,83],"_links":{"self":[{"href":"https:\/\/www2.uepg.br\/periodico\/wp-json\/wp\/v2\/posts\/4558"}],"collection":[{"href":"https:\/\/www2.uepg.br\/periodico\/wp-json\/wp\/v2\/posts"}],"about":[{"href":"https:\/\/www2.uepg.br\/periodico\/wp-json\/wp\/v2\/types\/post"}],"author":[{"embeddable":true,"href":"https:\/\/www2.uepg.br\/periodico\/wp-json\/wp\/v2\/users\/945"}],"replies":[{"embeddable":true,"href":"https:\/\/www2.uepg.br\/periodico\/wp-json\/wp\/v2\/comments?post=4558"}],"version-history":[{"count":2,"href":"https:\/\/www2.uepg.br\/periodico\/wp-json\/wp\/v2\/posts\/4558\/revisions"}],"predecessor-version":[{"id":4577,"href":"https:\/\/www2.uepg.br\/periodico\/wp-json\/wp\/v2\/posts\/4558\/revisions\/4577"}],"wp:featuredmedia":[{"embeddable":true,"href":"https:\/\/www2.uepg.br\/periodico\/wp-json\/wp\/v2\/media\/4565"}],"wp:attachment":[{"href":"https:\/\/www2.uepg.br\/periodico\/wp-json\/wp\/v2\/media?parent=4558"}],"wp:term":[{"taxonomy":"category","embeddable":true,"href":"https:\/\/www2.uepg.br\/periodico\/wp-json\/wp\/v2\/categories?post=4558"},{"taxonomy":"post_tag","embeddable":true,"href":"https:\/\/www2.uepg.br\/periodico\/wp-json\/wp\/v2\/tags?post=4558"}],"curies":[{"name":"wp","href":"https:\/\/api.w.org\/{rel}","templated":true}]}}