{"id":4611,"date":"2026-09-01T14:11:19","date_gmt":"2026-09-01T17:11:19","guid":{"rendered":"https:\/\/www2.uepg.br\/periodico\/?p=4611"},"modified":"2026-09-01T14:11:49","modified_gmt":"2026-09-01T17:11:49","slug":"critica-de-ponta-146","status":"publish","type":"post","link":"https:\/\/www2.uepg.br\/periodico\/critica-de-ponta-146\/","title":{"rendered":"Cr\u00edtica de Ponta #146"},"content":{"rendered":"<!--[if lt IE 9]><script>document.createElement('audio');<\/script><![endif]-->\n<audio class=\"wp-audio-shortcode\" id=\"audio-4611-1\" preload=\"none\" style=\"width: 100%;\" controls=\"controls\"><source type=\"audio\/mpeg\" src=\"https:\/\/www2.uepg.br\/periodico\/wp-content\/uploads\/sites\/282\/2026\/09\/CRITICA-FINALIZADA_PODCAST.mp3?_=1\" \/><a href=\"https:\/\/www2.uepg.br\/periodico\/wp-content\/uploads\/sites\/282\/2026\/09\/CRITICA-FINALIZADA_PODCAST.mp3\">https:\/\/www2.uepg.br\/periodico\/wp-content\/uploads\/sites\/282\/2026\/09\/CRITICA-FINALIZADA_PODCAST.mp3<\/a><\/audio>\n<p>Ou\u00e7a a nova edi\u00e7\u00e3o do Cr\u00edtica de Ponta na TV, produzido por estudantes do terceiro ano de Jornalismo da UEPG em 2026. Confira o programa no portal Peri\u00f3dico ou nas redes sociais. O Cr\u00edtica de Ponta vai ao ar na r\u00e1dio Comunit\u00e1ria Princesa FM 87.9 aos s\u00e1bados \u00e0s 8h30.<\/p>\n<p>&nbsp;<\/p>\n<p><strong>Ficha t\u00e9cnica<\/strong><\/p>\n<p><strong>Produ\u00e7\u00e3o:<\/strong> Emanuelle Pasqualotto, Lucas Jolondek, Maria Eduarda Leme, Natalia Almeida, Nathalia Stupp e Pietra Gasparini<\/p>\n<p><strong>Supervis\u00e3o de produ\u00e7\u00e3o:<\/strong> Paula Rocha e S\u00e9rgio Luiz Gadini<\/p>\n<p><strong>Supervis\u00e3o t\u00e9cnica:<\/strong> Athon Gallera e Felipe Galv\u00e3o<\/p>\n<p><strong>Edi\u00e7\u00e3o e publica\u00e7\u00e3o:<\/strong> Jo\u00e3o Pimentel e Marina Ranzani<\/p>\n<p><strong>Supervis\u00e3o de publica\u00e7\u00e3o:<\/strong> Aline Rosso e Muriel Em\u00eddio Pessoa do Amaral<\/p>\n","protected":false},"excerpt":{"rendered":"<p>Ou\u00e7a a nova edi\u00e7\u00e3o do Cr\u00edtica de Ponta na TV, produzido por estudantes do terceiro ano de Jornalismo da UEPG em 2026. Confira o programa no portal Peri\u00f3dico ou nas redes sociais. O Cr\u00edtica de Ponta vai ao ar na r\u00e1dio Comunit\u00e1ria Princesa FM 87.9 aos s\u00e1bados \u00e0s 8h30. &nbsp; Ficha t\u00e9cnica Produ\u00e7\u00e3o: Emanuelle Pasqualotto,&nbsp;&hellip;<\/p>\n","protected":false},"author":950,"featured_media":4069,"comment_status":"closed","ping_status":"open","sticky":false,"template":"","format":"standard","meta":[],"categories":[9,2],"tags":[],"_links":{"self":[{"href":"https:\/\/www2.uepg.br\/periodico\/wp-json\/wp\/v2\/posts\/4611"}],"collection":[{"href":"https:\/\/www2.uepg.br\/periodico\/wp-json\/wp\/v2\/posts"}],"about":[{"href":"https:\/\/www2.uepg.br\/periodico\/wp-json\/wp\/v2\/types\/post"}],"author":[{"embeddable":true,"href":"https:\/\/www2.uepg.br\/periodico\/wp-json\/wp\/v2\/users\/950"}],"replies":[{"embeddable":true,"href":"https:\/\/www2.uepg.br\/periodico\/wp-json\/wp\/v2\/comments?post=4611"}],"version-history":[{"count":1,"href":"https:\/\/www2.uepg.br\/periodico\/wp-json\/wp\/v2\/posts\/4611\/revisions"}],"predecessor-version":[{"id":4614,"href":"https:\/\/www2.uepg.br\/periodico\/wp-json\/wp\/v2\/posts\/4611\/revisions\/4614"}],"wp:featuredmedia":[{"embeddable":true,"href":"https:\/\/www2.uepg.br\/periodico\/wp-json\/wp\/v2\/media\/4069"}],"wp:attachment":[{"href":"https:\/\/www2.uepg.br\/periodico\/wp-json\/wp\/v2\/media?parent=4611"}],"wp:term":[{"taxonomy":"category","embeddable":true,"href":"https:\/\/www2.uepg.br\/periodico\/wp-json\/wp\/v2\/categories?post=4611"},{"taxonomy":"post_tag","embeddable":true,"href":"https:\/\/www2.uepg.br\/periodico\/wp-json\/wp\/v2\/tags?post=4611"}],"curies":[{"name":"wp","href":"https:\/\/api.w.org\/{rel}","templated":true}]}}