{"id":4615,"date":"2026-09-01T14:38:24","date_gmt":"2026-09-01T17:38:24","guid":{"rendered":"https:\/\/www2.uepg.br\/periodico\/?p=4615"},"modified":"2026-09-01T14:40:30","modified_gmt":"2026-09-01T17:40:30","slug":"critica-de-ponta-na-tv-146","status":"publish","type":"post","link":"https:\/\/www2.uepg.br\/periodico\/critica-de-ponta-na-tv-146\/","title":{"rendered":"Cr\u00edtica de Ponta na TV! #146"},"content":{"rendered":"<div class='embed-container'><iframe loading=\"lazy\" title=\"Cr\u00edtica de Ponta #146\" width=\"1778\" height=\"1000\" src=\"https:\/\/www.youtube.com\/embed\/R1kLBQtqPj8?feature=oembed\" frameborder=\"0\" allow=\"accelerometer; autoplay; clipboard-write; encrypted-media; gyroscope; picture-in-picture; web-share\" referrerpolicy=\"strict-origin-when-cross-origin\" allowfullscreen><\/iframe><\/div>\n<p>Assista a nova edi\u00e7\u00e3o do Cr\u00edtica de Ponta na TV, produzido por estudantes do terceiro ano de Jornalismo da UEPG em 2026. Confira o programa no portal Peri\u00f3dico ou nas redes sociais. O Cr\u00edtica de Ponta vai ao ar na r\u00e1dio Comunit\u00e1ria Princesa FM 87.9 aos s\u00e1bados \u00e0s 8h30.<\/p>\n<p>Ficha t\u00e9cnica:<\/p>\n<p>Apresenta\u00e7\u00e3o: Natalia Almeida;<\/p>\n<p>Produ\u00e7\u00e3o: Emanuelle Pasqualotto, Lucas Jolondek, Maria Eduarda Leme, Natalia Almeida, Nath\u00e1lia Stupp, Pietra Gasparini;<\/p>\n<p>Supervis\u00e3o de produ\u00e7\u00e3o: Paula Rocha e S\u00e9rgio Luiz Gadini;<\/p>\n<p>Supervis\u00e3o t\u00e9cnica: Athon Gallera e Felipe Galv\u00e3o;<\/p>\n<p>Edi\u00e7\u00e3o e publica\u00e7\u00e3o: Lucas Jolondek;<\/p>\n<p>Supervis\u00e3o de publica\u00e7\u00e3o: Aline Rosso e Muriel Em\u00eddio Pessoa do Amaral.<\/p>\n","protected":false},"excerpt":{"rendered":"<p>Assista a nova edi\u00e7\u00e3o do Cr\u00edtica de Ponta na TV, produzido por estudantes do terceiro ano de Jornalismo da UEPG em 2026. Confira o programa no portal Peri\u00f3dico ou nas redes sociais. O Cr\u00edtica de Ponta vai ao ar na r\u00e1dio Comunit\u00e1ria Princesa FM 87.9 aos s\u00e1bados \u00e0s 8h30. Ficha t\u00e9cnica: Apresenta\u00e7\u00e3o: Natalia Almeida; Produ\u00e7\u00e3o:&nbsp;&hellip;<\/p>\n","protected":false},"author":949,"featured_media":4442,"comment_status":"closed","ping_status":"open","sticky":false,"template":"","format":"standard","meta":[],"categories":[5,6,2],"tags":[],"_links":{"self":[{"href":"https:\/\/www2.uepg.br\/periodico\/wp-json\/wp\/v2\/posts\/4615"}],"collection":[{"href":"https:\/\/www2.uepg.br\/periodico\/wp-json\/wp\/v2\/posts"}],"about":[{"href":"https:\/\/www2.uepg.br\/periodico\/wp-json\/wp\/v2\/types\/post"}],"author":[{"embeddable":true,"href":"https:\/\/www2.uepg.br\/periodico\/wp-json\/wp\/v2\/users\/949"}],"replies":[{"embeddable":true,"href":"https:\/\/www2.uepg.br\/periodico\/wp-json\/wp\/v2\/comments?post=4615"}],"version-history":[{"count":5,"href":"https:\/\/www2.uepg.br\/periodico\/wp-json\/wp\/v2\/posts\/4615\/revisions"}],"predecessor-version":[{"id":4622,"href":"https:\/\/www2.uepg.br\/periodico\/wp-json\/wp\/v2\/posts\/4615\/revisions\/4622"}],"wp:featuredmedia":[{"embeddable":true,"href":"https:\/\/www2.uepg.br\/periodico\/wp-json\/wp\/v2\/media\/4442"}],"wp:attachment":[{"href":"https:\/\/www2.uepg.br\/periodico\/wp-json\/wp\/v2\/media?parent=4615"}],"wp:term":[{"taxonomy":"category","embeddable":true,"href":"https:\/\/www2.uepg.br\/periodico\/wp-json\/wp\/v2\/categories?post=4615"},{"taxonomy":"post_tag","embeddable":true,"href":"https:\/\/www2.uepg.br\/periodico\/wp-json\/wp\/v2\/tags?post=4615"}],"curies":[{"name":"wp","href":"https:\/\/api.w.org\/{rel}","templated":true}]}}