{"id":878,"date":"2021-10-28T13:37:23","date_gmt":"2021-10-28T16:37:23","guid":{"rendered":"https:\/\/www2.uepg.br\/portaldaslicenciaturas\/?p=878"},"modified":"2021-10-28T13:37:23","modified_gmt":"2021-10-28T16:37:23","slug":"curso-de-licenciatura-em-biologia-abre-a-comunidade-o-2o-ciclo-de-discussoes-do-estagio-curricular-supervisionado","status":"publish","type":"post","link":"https:\/\/www2.uepg.br\/portaldaslicenciaturas\/curso-de-licenciatura-em-biologia-abre-a-comunidade-o-2o-ciclo-de-discussoes-do-estagio-curricular-supervisionado\/","title":{"rendered":"Curso de Licenciatura em Biologia abre \u00e0 comunidade o 2\u00ba Ciclo de Discuss\u00f5es do Est\u00e1gio Curricular Supervisionado"},"content":{"rendered":"<p align=\"justify\"><span style=\"font-family: Arial, sans-serif\"><span style=\"font-size: medium\">Iniciou em julho, o 2\u00ba Ciclo de Discuss\u00f5es do Est\u00e1gio Curricular Supervisionado.<\/span><\/span><\/p>\n<p align=\"justify\"><span style=\"font-family: Arial, sans-serif\"><span style=\"font-size: medium\">As atividades est\u00e3o acontecendo ao vivo, sempre na \u00faltima quinta-feira do m\u00eas \u00e0s 17:30h e s\u00e3o transmitidas pelo canal do YouTube \u201cEst\u00e1gio Docente: Conex\u00f5es\u201d.<\/span><\/span><\/p>\n<p align=\"justify\"><span style=\"font-family: Arial, sans-serif\"><span style=\"font-size: medium\">O ciclo \u00e9 coordenado pelas Professoras de Est\u00e1gio Supervisionado em Biologia Dras. Bettina Heerdt, Marcela Teixeira Godoy e Viviane Koga. Conta ainda com as Professoras de Est\u00e1gio Dras. Patr\u00edcia Tolentino Czech e Nat\u00e1lia Ferreira Campos.<\/span><\/span><\/p>\n<p align=\"justify\"><span style=\"font-family: Arial, sans-serif\"><span style=\"font-size: medium\">Aberto \u00e0 convidados externos e internos aborda temas que emergiram do interesse dos alunos da Gradua\u00e7\u00e3o e da comunidade escolar como a Inclus\u00e3o, o Ensino Remoto, os C\u00edrculos Restaurativos na Doc\u00eancia, a Indisciplina, G\u00eanero, Educa\u00e7\u00e3o Ambiental, Atividades de ensino em Museus e Educa\u00e7\u00e3o de Jovens e Adultos, etc.<\/span><\/span><\/p>\n<p align=\"justify\"><span style=\"font-family: Arial, sans-serif\"><span style=\"font-size: medium\">O diferencial desse segundo ciclo, antes restrito aos alunos e professores de Est\u00e1gio da Biologia, \u00e9 a sua abertura \u00e0 comunidade externa, com certifica\u00e7\u00e3o pela Proex\/UEPG. Uma vez realizada a inscri\u00e7\u00e3o, os participantes poder\u00e3o assistir \u00e0s lives no tempo que desejarem. <\/span><\/span><\/p>\n<p align=\"center\"><span style=\"font-family: Arial, sans-serif\"><span style=\"font-size: medium\"><b>PROGRAMA\u00c7\u00c3O<\/b><\/span><\/span><\/p>\n<p align=\"justify\"><span style=\"font-family: Arial, sans-serif\"><span style=\"font-size: medium\"><b>29\/07\/21 \u2013 17h30<\/b><\/span><span style=\"font-size: medium\"> &#8211; <\/span><span style=\"font-size: medium\"><b>Inclus\u00e3o e o Ensino de Biologia<\/b><\/span><span style=\"font-size: medium\">, Profa. Dra. Lucia V. M. Viginheski \u2013 UniGuairac\u00e1 e UEPG<\/span><\/span><\/p>\n<p align=\"justify\"><span style=\"font-family: Arial, sans-serif\"><span style=\"font-size: medium\"><b>26\/08\/21 \u2013 17h30 &#8211; Remoto, h\u00edbrido e presencial na realidade da escola p\u00fablica \u2013 desafios, perspectivas e implica\u00e7\u00f5es para o Est\u00e1gio Supervisionado<\/b><\/span><span style=\"font-size: medium\">, Profa. Dra. Patricia C. T. Czech \u2013 UEPG, Unicentro e SEED<\/span><\/span><\/p>\n<p align=\"justify\"><span style=\"font-family: Arial, sans-serif\"><span style=\"font-size: medium\"><b>23\/09\/21 \u2013 17h30 &#8211; C\u00edrculos Restaurativos na Doc\u00eancia<\/b><\/span><span style=\"font-size: medium\">, Profa. Dra. Marcela Teixeira Godoy \u2013 UEPG<\/span><\/span><\/p>\n<p align=\"justify\"><span style=\"font-family: Arial, sans-serif\"><span style=\"font-size: medium\"><b>28\/10\/21 \u2013 17h30 &#8211; Indisciplina: possibilidades e desafios<\/b><\/span><span style=\"font-size: medium\">, Prof. Dr. Adriano Charles Ferreira \u2013 SEED<\/span><\/span><\/p>\n<p align=\"justify\"><span style=\"font-family: Arial, sans-serif\"><span style=\"font-size: medium\"><b>25\/11\/21 \u2013 17h30 &#8211; O que o ch\u00e3o de sala de aula pode ensinar\u00a0ao ensino de biologia? Um olhar para\u00a0a dissid\u00eancia sexual e de g\u00eanero<\/b><\/span><span style=\"font-size: medium\">, Prof. Me. Yonier Orozco Mar\u00edn \u2013 UFSC<\/span><\/span><\/p>\n<p align=\"justify\"><span style=\"font-family: Arial, sans-serif\"><span style=\"font-size: medium\"><b>24\/02\/22 \u2013 17h30 &#8211; As rela\u00e7\u00f5es dos seres humanos com os\u00a0animais e o ensino de Ci\u00eancias e Biologia<\/b><\/span><span style=\"font-size: medium\">, Profa. Dra. Adriana R. Ferreira Rodrigues \u2013 SEED<\/span><\/span><\/p>\n<p align=\"justify\"><span style=\"font-family: Arial, sans-serif\"><span style=\"font-size: medium\"><b>24\/03\/22 \u2013 17h30 &#8211; Estudantes da EJA visitam o museu:\u00a0um estudo das conversas de aprendizagem<\/b><\/span><span style=\"font-size: medium\">, Profa. Dra. Nat\u00e1lia Ferreira Campos \u2013 UEPG<\/span><\/span><\/p>\n<p align=\"justify\"><span style=\"font-family: Arial, sans-serif\"><span style=\"font-size: medium\">Inscri\u00e7\u00f5es em: <a href=\"https:\/\/docs.google.com\/forms\/d\/e\/1FAIpQLScvB7TKvyX3xTzaleeWQlFnGKYevInxJ7PmMyIdz3AuIv0qng\/viewform\">https:\/\/docs.google.com\/forms\/d\/e\/1FAIpQLScvB7TKvyX3xTzaleeWQlFnGKYevInxJ7PmMyIdz3AuIv0qng\/viewform<\/a><\/span><\/span><\/p>\n<p align=\"justify\">\n<p align=\"justify\"><span style=\"font-family: Arial, sans-serif\"><span style=\"font-size: medium\">Canal Est\u00e1gio Docente: Conex\u00f5es: <\/span><\/span><\/p>\n<p align=\"justify\"><a href=\"https:\/\/www.youtube.com\/channel\/UCcR8znOKJsCRhrvITa3Qc1A\"><span style=\"font-family: Arial, sans-serif\"><span style=\"font-size: medium\">https:\/\/www.youtube.com\/channel\/UCcR8znOKJsCRhrvITa3Qc1A<\/span><\/span><\/a><\/p>\n","protected":false},"excerpt":{"rendered":"<p>Iniciou em julho, o 2\u00ba Ciclo de Discuss\u00f5es do Est\u00e1gio Curricular Supervisionado. As atividades est\u00e3o acontecendo ao vivo, sempre na \u00faltima quinta-feira do m\u00eas \u00e0s 17:30h e s\u00e3o transmitidas pelo canal do YouTube \u201cEst\u00e1gio Docente: Conex\u00f5es\u201d. O ciclo \u00e9 coordenado pelas Professoras de Est\u00e1gio Supervisionado em Biologia Dras. Bettina Heerdt, Marcela Teixeira Godoy e Viviane&hellip; <br \/> <a class=\"read-more\" href=\"https:\/\/www2.uepg.br\/portaldaslicenciaturas\/curso-de-licenciatura-em-biologia-abre-a-comunidade-o-2o-ciclo-de-discussoes-do-estagio-curricular-supervisionado\/\">Leia mais<\/a><\/p>\n","protected":false},"author":412,"featured_media":880,"comment_status":"closed","ping_status":"open","sticky":true,"template":"","format":"standard","meta":[],"categories":[11,10],"tags":[],"_links":{"self":[{"href":"https:\/\/www2.uepg.br\/portaldaslicenciaturas\/wp-json\/wp\/v2\/posts\/878"}],"collection":[{"href":"https:\/\/www2.uepg.br\/portaldaslicenciaturas\/wp-json\/wp\/v2\/posts"}],"about":[{"href":"https:\/\/www2.uepg.br\/portaldaslicenciaturas\/wp-json\/wp\/v2\/types\/post"}],"author":[{"embeddable":true,"href":"https:\/\/www2.uepg.br\/portaldaslicenciaturas\/wp-json\/wp\/v2\/users\/412"}],"replies":[{"embeddable":true,"href":"https:\/\/www2.uepg.br\/portaldaslicenciaturas\/wp-json\/wp\/v2\/comments?post=878"}],"version-history":[{"count":1,"href":"https:\/\/www2.uepg.br\/portaldaslicenciaturas\/wp-json\/wp\/v2\/posts\/878\/revisions"}],"predecessor-version":[{"id":881,"href":"https:\/\/www2.uepg.br\/portaldaslicenciaturas\/wp-json\/wp\/v2\/posts\/878\/revisions\/881"}],"wp:featuredmedia":[{"embeddable":true,"href":"https:\/\/www2.uepg.br\/portaldaslicenciaturas\/wp-json\/wp\/v2\/media\/880"}],"wp:attachment":[{"href":"https:\/\/www2.uepg.br\/portaldaslicenciaturas\/wp-json\/wp\/v2\/media?parent=878"}],"wp:term":[{"taxonomy":"category","embeddable":true,"href":"https:\/\/www2.uepg.br\/portaldaslicenciaturas\/wp-json\/wp\/v2\/categories?post=878"},{"taxonomy":"post_tag","embeddable":true,"href":"https:\/\/www2.uepg.br\/portaldaslicenciaturas\/wp-json\/wp\/v2\/tags?post=878"}],"curies":[{"name":"wp","href":"https:\/\/api.w.org\/{rel}","templated":true}]}}