{"id":1421,"date":"2021-09-14T09:41:41","date_gmt":"2021-09-14T12:41:41","guid":{"rendered":"https:\/\/www2.uepg.br\/ppge\/?p=1421"},"modified":"2021-09-14T09:41:41","modified_gmt":"2021-09-14T12:41:41","slug":"convite-seminario-tematico-25-10-21","status":"publish","type":"post","link":"https:\/\/www2.uepg.br\/ppge\/convite-seminario-tematico-25-10-21\/","title":{"rendered":"CONVITE SEMIN\u00c1RIO TEM\u00c1TICO 25\/10\/21"},"content":{"rendered":"<div dir=\"ltr\">\n<div>\n<div><b><u>CONVIDADA: Profa. Dra. Ana L\u00facia da Silva (UEM)<\/u><\/b><\/div>\n<div><b><u>Data: 25\/10\/21<\/u><\/b><\/div>\n<div dir=\"ltr\"><b><u>Hor\u00e1rio: 14 h<\/u><\/b><\/div>\n<div dir=\"ltr\"><b>T\u00edtulo da Palestra<\/b>: Hist\u00f3ria Pol\u00edtica, Movimento Negro e Mulheres: por um ensino de Hist\u00f3ria antirracista e decolonial (biografias de Marielle Franco e Carol Dartora)<\/div>\n<\/div>\n<\/div>\n<div dir=\"ltr\">*O Semin\u00e1rio far\u00e1 parte do cronograma da disciplina Intelectuais e Hist\u00f3ria da Educa\u00e7\u00e3o, ministrada por<\/p>\n<div dir=\"ltr\"><strong>Maria Julieta Weber Cordova e\u00a0<\/strong><strong>Oriomar Skalinski Junior PPGE-UEPG, <\/strong>e das atividades do GEPHIED.<\/div>\n<\/div>\n<div dir=\"ltr\"><\/div>\n<div dir=\"ltr\">O link para o evento divulgado pelo email PPGE-UEPG.<\/div>\n<div dir=\"ltr\"><\/div>\n","protected":false},"excerpt":{"rendered":"<p>CONVIDADA: Profa. Dra. Ana L\u00facia da Silva (UEM) Data: 25\/10\/21 Hor\u00e1rio: 14 h T\u00edtulo da Palestra: Hist\u00f3ria Pol\u00edtica, Movimento Negro e Mulheres: por um ensino de Hist\u00f3ria antirracista e decolonial (biografias de Marielle Franco e Carol Dartora) *O Semin\u00e1rio far\u00e1 parte do cronograma da disciplina Intelectuais e Hist\u00f3ria da Educa\u00e7\u00e3o, ministrada por Maria Julieta Weber&nbsp;&hellip;<\/p>\n","protected":false},"author":393,"featured_media":0,"comment_status":"closed","ping_status":"open","sticky":false,"template":"","format":"standard","meta":[],"categories":[3],"tags":[],"_links":{"self":[{"href":"https:\/\/www2.uepg.br\/ppge\/wp-json\/wp\/v2\/posts\/1421"}],"collection":[{"href":"https:\/\/www2.uepg.br\/ppge\/wp-json\/wp\/v2\/posts"}],"about":[{"href":"https:\/\/www2.uepg.br\/ppge\/wp-json\/wp\/v2\/types\/post"}],"author":[{"embeddable":true,"href":"https:\/\/www2.uepg.br\/ppge\/wp-json\/wp\/v2\/users\/393"}],"replies":[{"embeddable":true,"href":"https:\/\/www2.uepg.br\/ppge\/wp-json\/wp\/v2\/comments?post=1421"}],"version-history":[{"count":1,"href":"https:\/\/www2.uepg.br\/ppge\/wp-json\/wp\/v2\/posts\/1421\/revisions"}],"predecessor-version":[{"id":1422,"href":"https:\/\/www2.uepg.br\/ppge\/wp-json\/wp\/v2\/posts\/1421\/revisions\/1422"}],"wp:attachment":[{"href":"https:\/\/www2.uepg.br\/ppge\/wp-json\/wp\/v2\/media?parent=1421"}],"wp:term":[{"taxonomy":"category","embeddable":true,"href":"https:\/\/www2.uepg.br\/ppge\/wp-json\/wp\/v2\/categories?post=1421"},{"taxonomy":"post_tag","embeddable":true,"href":"https:\/\/www2.uepg.br\/ppge\/wp-json\/wp\/v2\/tags?post=1421"}],"curies":[{"name":"wp","href":"https:\/\/api.w.org\/{rel}","templated":true}]}}