{"id":2899,"date":"2024-11-13T11:45:47","date_gmt":"2024-11-13T14:45:47","guid":{"rendered":"https:\/\/www2.uepg.br\/ppge\/?p=2899"},"modified":"2024-12-12T10:57:58","modified_gmt":"2024-12-12T13:57:58","slug":"calendario-de-defesa-publica-de-dissertacoes-novembro-e-dezembro-de-2024","status":"publish","type":"post","link":"https:\/\/www2.uepg.br\/ppge\/calendario-de-defesa-publica-de-dissertacoes-novembro-e-dezembro-de-2024\/","title":{"rendered":"CALEND\u00c1RIO DE DEFESA P\u00daBLICA DE TESE E DISSERTA\u00c7\u00d5ES \u2013 Novembro e Dezembro de 2024"},"content":{"rendered":"<p dir=\"ltr\">_____________________________________________________________________________<\/p>\n<p dir=\"ltr\"><strong>Danielly Concei\u00e7\u00e3o Moreira<\/strong><\/p>\n<p dir=\"ltr\">T\u00edtulo: Desenho universal para aprendizagem (dua) na perspectiva da inclus\u00e3o escolar: experi\u00eancia de forma\u00e7\u00e3o docente<\/p>\n<p dir=\"ltr\"><strong>Data da Defesa:<\/strong> \u00a0 29\/11\/2024 \u00a0 \u00a0 \u00a0 \u00a0\u00a0 <strong>Hor\u00e1rio<\/strong>:\u00a0 14h\u00a0 \u00a0 \u00a0 \u00a0\u00a0 Sala: Online<\/p>\n<p class=\"Texto_Justificado\" dir=\"ltr\">Dra. Rosana de Castro Casagrande &#8211; UEPG (Presidente)<\/p>\n<p class=\"Texto_Justificado\" dir=\"ltr\">Dra. J\u00e1ima Pinheiro de Oliveira<strong>\u00a0<\/strong>&#8211; UFMG<\/p>\n<p class=\"Texto_Justificado\" dir=\"ltr\">Dr.\u00a0 Marcelo Ubiali Ferracioli &#8211;\u00a0 UEPG<\/p>\n<p dir=\"ltr\">Dra. Silmara de Oliveira Gomes Papi &#8211; UEPG &#8211; Suplente<\/p>\n<p dir=\"ltr\">Dra. Silvana Stremel &#8211; UFPR &#8211; Suplente<\/p>\n<p dir=\"ltr\">______________________________________________________________________________<\/p>\n<p dir=\"ltr\"><strong>J\u00e9ssica Gebiluka<\/strong><\/p>\n<p dir=\"ltr\">T\u00edtulo: &#8220;EDUCA\u00c7\u00c3O PRISIONAL: uma An\u00e1lise na Unidade Prisional Hildebrando de Souza em Ponta Grossa \u2013 Paran\u00e1\u201d<\/p>\n<p dir=\"ltr\"><strong>Data da Defesa:<\/strong> \u00a0 03\/12\/2024 \u00a0 \u00a0 \u00a0 \u00a0\u00a0 <strong>Hor\u00e1rio<\/strong>:\u00a0 09h30 mim\u00a0 \u00a0 \u00a0 \u00a0 \u00a0Sala:\u00a0 Google meet <strong>\u00a0meet.google.com\/daq-gsut-qem<\/strong><\/p>\n<p class=\"Texto_Justificado\" dir=\"ltr\">Dra. Rita de C\u00e1ssia da Silva Oliveira &#8211; UEPG (Presidente)<\/p>\n<p class=\"Texto_Justificado\" dir=\"ltr\">Dra. Vanessa Elizabete Raue Rodrigues<strong>\u00a0<\/strong>&#8211; UNICENTRO<\/p>\n<p class=\"Texto_Justificado\" dir=\"ltr\">Dra\u00a0 Maria Isabel Moura Nascimento\u00a0&#8211;\u00a0 UEPG<\/p>\n<p dir=\"ltr\">Dra\u00a0 Vera L\u00facia Martniak &#8211;\u00a0 UEPG &#8211; Suplente<\/p>\n<p dir=\"ltr\">Everson Manjinski &#8211;\u00a0 UEPG &#8211; Suplente<\/p>\n<p dir=\"ltr\">______________________________________________________________<\/p>\n<p dir=\"ltr\"><strong>Gabriele Bonck<\/strong><\/p>\n<p dir=\"ltr\">T\u00edtulo: &#8220;Educa\u00e7\u00e3o de jovens e adultos: rela\u00e7\u00f5es entre as pol\u00edticas educacionais e o trabalho sob o vi\u00e9s do modo de produ\u00e7\u00e3o capitalista\u201d<\/p>\n<p dir=\"ltr\"><strong>Data da Defesa:<\/strong>\u00a0 \u00a011\/12\/2024 \u00a0 \u00a0 \u00a0 \u00a0\u00a0 <strong>Hor\u00e1rio<\/strong>:\u00a0 14h\u00a0 \u00a0 \u00a0 \u00a0Sala:\u00a0 Google meethttps:\/\/meet.google.com\/raf-fpdk-mjx<\/p>\n<p class=\"Texto_Justificado\" dir=\"ltr\">Dra. Paola Andressa Scortegagna &#8211; UEPG (Presidente),<\/p>\n<p class=\"Texto_Justificado\" dir=\"ltr\">Dr. Marsiel Pac\u00edfico\u00a0<strong>\u00a0<\/strong>&#8211; UEMS;<\/p>\n<p class=\"Texto_Justificado\" dir=\"ltr\">Dr.\u00a0 Alessandro de Melo &#8211; UEPG<\/p>\n<p dir=\"ltr\">Dra\u00a0 Ana Paula Trevisani &#8211; UNESPAR &#8211; Suplente<\/p>\n<p dir=\"ltr\">Dr.\u00a0 Eduardo Jorge Lopes da Silva &#8211; UFPB &#8211; Suplente<\/p>\n<p dir=\"ltr\">______________________________________________________________<\/p>\n<p dir=\"ltr\"><strong>\u00a0Jennifer Caroline Dias<\/strong><\/p>\n<p dir=\"ltr\">T\u00edtulo: EDUCA\u00c7\u00c3O, PARTIDO FARDADO E NEOFASCISMO: A EXPANS\u00c3O DAS ESCOLAS C\u00cdVICO-MILITARES NA GUERRA CULTURAL<\/p>\n<p dir=\"ltr\"><strong>Data da Defesa:<\/strong>\u00a0 \u00a012\/12\/2024 \u00a0 \u00a0 \u00a0 \u00a0\u00a0 <strong>Hor\u00e1rio<\/strong>:\u00a0 14h\u00a0 \u00a0 \u00a0 \u00a0Sala:\u00a0 Au<\/p>\n<p class=\"Texto_Justificado\" dir=\"ltr\">Dra. Carina Alves da Silva Darcoleto &#8211; UEPG (Presidente)<\/p>\n<p dir=\"ltr\">\u00a0Dr. Gilberto Grassi Calil UNIOESTE<\/p>\n<p class=\"Texto_Justificado\" dir=\"ltr\">Dr.\u00a0 Alessandro de Melo\u00a0 &#8211;\u00a0 UEPG<\/p>\n<p dir=\"ltr\">Dr. Cl\u00e9cio Ferreira Mendes\u00a0 &#8211; UNILA &#8211; Suplente<\/p>\n<p dir=\"ltr\">Dra. Simone de F\u00e1tima Flach\u00a0 &#8211; UEPG &#8211; Suplente<\/p>\n<p dir=\"ltr\">______________________________________________________________<\/p>\n<p dir=\"ltr\"><strong>Guilherme Rafael Portela<\/strong><\/p>\n<p dir=\"ltr\">T\u00edtulo: &#8220;Crian\u00e7as LGBTI: escreviv\u00eancias e manifestos por inf\u00e2ncias e escolas livres\u201d<\/p>\n<p dir=\"ltr\"><strong>Data da Defesa:<\/strong>\u00a0 \u00a012\/12\/2024 \u00a0 \u00a0 \u00a0 \u00a0\u00a0 <strong>Hor\u00e1rio<\/strong>:\u00a0 14h\u00a0 \u00a0 \u00a0 \u00a0Sala:\u00a0 Audit\u00f3rio<\/p>\n<p class=\"Texto_Justificado\" dir=\"ltr\">Dra. Bettina Heerdt &#8211; UEPG (Presidente)<\/p>\n<p class=\"Texto_Justificado\" dir=\"ltr\">Dra. Megg Rayara Gomes de Oliveira<strong>\u00a0<\/strong>&#8211; UFPR<\/p>\n<p class=\"Texto_Justificado\" dir=\"ltr\">Dra.\u00a0 Ione da Silva Jovino &#8211;\u00a0 UEPG<\/p>\n<p dir=\"ltr\">Dra.\u00a0 Daiana Camargo &#8211; UEPG &#8211; Suplente<\/p>\n<p dir=\"ltr\">Dra.\u00a0 Eliane Rose Maio &#8211; UEM Suplente<\/p>\n<p dir=\"ltr\" style=\"text-align: center\">______________________________________________________________<\/p>\n<p dir=\"ltr\" style=\"text-align: center\"><strong>DOUTORADO<\/strong><\/p>\n<p dir=\"ltr\"><strong>Jaine dos Santos Floriano<\/strong><\/p>\n<p dir=\"ltr\">T\u00edtulo: &#8220;A produ\u00e7\u00e3o do conhecimento em hist\u00f3ria da educa\u00e7\u00e3o nos programas de p\u00f3s-gradua\u00e7\u00e3o em educa\u00e7\u00e3o das universidades do Paran\u00e1 (1984-2020).&#8221;<\/p>\n<p dir=\"ltr\"><strong>Data da Defesa:<\/strong>\u00a0 06\/12\/2024 \u00a0 \u00a0 \u00a0 \u00a0\u00a0 <strong>Hor\u00e1rio<\/strong>:\u00a0 14h\u00a0 \u00a0 \u00a0 \u00a0Sala:\u00a0 Audit\u00f3rio<\/p>\n<p class=\"Texto_Justificado\" dir=\"ltr\">Prof\u00aa\u00a0Dra. Maria Julieta Weber &#8211;\u00a0UEPG (Presidente)<\/p>\n<p class=\"Texto_Justificado\" dir=\"ltr\">Prof.\u00a0Dr. Jos\u00e9 Gon\u00e7alves Gondra &#8211; UERJ<\/p>\n<p class=\"Texto_Justificado\" dir=\"ltr\">Prof\u00a0Dr. Carlos Eduado Vieira &#8211; UFPR<\/p>\n<p class=\"Texto_Justificado\" dir=\"ltr\">Prof.\u00a0Dr.. N\u00e9vio de Campos &#8211; UEPG<\/p>\n<p class=\"Texto_Justificado\" dir=\"ltr\">Prof.\u00a0Dr.\u00a0Oriomar Skalinski Junior &#8211; UEPG<\/p>\n<p class=\"Texto_Justificado\" dir=\"ltr\">Prof\u00aa.\u00a0Dra. Gisele Masson\u00a0&#8211; UEL\u00a0&#8211; Suplente externa<\/p>\n<p class=\"Texto_Justificado\" dir=\"ltr\">Prof.\u00a0Dr..\u00a0Jefferson Mainardes &#8211; UEPG &#8211; Suplente interno<\/p>\n<p dir=\"ltr\">\n","protected":false},"excerpt":{"rendered":"<p>_____________________________________________________________________________ Danielly Concei\u00e7\u00e3o Moreira T\u00edtulo: Desenho universal para aprendizagem (dua) na perspectiva da inclus\u00e3o escolar: experi\u00eancia de forma\u00e7\u00e3o docente Data da Defesa: \u00a0 29\/11\/2024 \u00a0 \u00a0 \u00a0 \u00a0\u00a0 Hor\u00e1rio:\u00a0 14h\u00a0 \u00a0 \u00a0 \u00a0\u00a0 Sala: Online Dra. Rosana de Castro Casagrande &#8211; UEPG (Presidente) Dra. J\u00e1ima Pinheiro de Oliveira\u00a0&#8211; UFMG Dr.\u00a0 Marcelo Ubiali Ferracioli &#8211;\u00a0 UEPG&nbsp;&hellip;<\/p>\n","protected":false},"author":393,"featured_media":0,"comment_status":"closed","ping_status":"open","sticky":false,"template":"","format":"standard","meta":[],"categories":[3],"tags":[],"_links":{"self":[{"href":"https:\/\/www2.uepg.br\/ppge\/wp-json\/wp\/v2\/posts\/2899"}],"collection":[{"href":"https:\/\/www2.uepg.br\/ppge\/wp-json\/wp\/v2\/posts"}],"about":[{"href":"https:\/\/www2.uepg.br\/ppge\/wp-json\/wp\/v2\/types\/post"}],"author":[{"embeddable":true,"href":"https:\/\/www2.uepg.br\/ppge\/wp-json\/wp\/v2\/users\/393"}],"replies":[{"embeddable":true,"href":"https:\/\/www2.uepg.br\/ppge\/wp-json\/wp\/v2\/comments?post=2899"}],"version-history":[{"count":16,"href":"https:\/\/www2.uepg.br\/ppge\/wp-json\/wp\/v2\/posts\/2899\/revisions"}],"predecessor-version":[{"id":2921,"href":"https:\/\/www2.uepg.br\/ppge\/wp-json\/wp\/v2\/posts\/2899\/revisions\/2921"}],"wp:attachment":[{"href":"https:\/\/www2.uepg.br\/ppge\/wp-json\/wp\/v2\/media?parent=2899"}],"wp:term":[{"taxonomy":"category","embeddable":true,"href":"https:\/\/www2.uepg.br\/ppge\/wp-json\/wp\/v2\/categories?post=2899"},{"taxonomy":"post_tag","embeddable":true,"href":"https:\/\/www2.uepg.br\/ppge\/wp-json\/wp\/v2\/tags?post=2899"}],"curies":[{"name":"wp","href":"https:\/\/api.w.org\/{rel}","templated":true}]}}