{"id":450,"date":"2019-08-06T16:55:36","date_gmt":"2019-08-06T19:55:36","guid":{"rendered":"http:\/\/www2.uepg.br\/ppge\/?p=450"},"modified":"2021-03-09T13:08:14","modified_gmt":"2021-03-09T16:08:14","slug":"informacoes-sobre-o-retorno-das-atividades-do-segundo-semestre","status":"publish","type":"post","link":"https:\/\/www2.uepg.br\/ppge\/informacoes-sobre-o-retorno-das-atividades-do-segundo-semestre\/","title":{"rendered":"Informa\u00e7\u00f5es sobre o retorno das atividades do segundo semestre"},"content":{"rendered":"<div style=\"text-align: center\" align=\"center\">A Coordena\u00e7\u00e3o do Programa de P\u00f3s-Gradua\u00e7\u00e3o em Educa\u00e7\u00e3o informa que o retorno das atividades do 2\u00ba semestre est\u00e1 vinculada ao t\u00e9rmino da Greve Docente.<\/div>\n<div style=\"text-align: center\" align=\"center\">Portanto, os discentes devem acompanhar os informativos sobre os encaminhamentos da Greve.<\/div>\n","protected":false},"excerpt":{"rendered":"<p>A Coordena\u00e7\u00e3o do Programa de P\u00f3s-Gradua\u00e7\u00e3o em Educa\u00e7\u00e3o informa que o retorno das atividades do 2\u00ba semestre est\u00e1 vinculada ao t\u00e9rmino da Greve Docente. Portanto, os discentes devem acompanhar os informativos sobre os encaminhamentos da Greve.<\/p>\n","protected":false},"author":56,"featured_media":0,"comment_status":"closed","ping_status":"open","sticky":false,"template":"","format":"standard","meta":[],"categories":[3],"tags":[],"_links":{"self":[{"href":"https:\/\/www2.uepg.br\/ppge\/wp-json\/wp\/v2\/posts\/450"}],"collection":[{"href":"https:\/\/www2.uepg.br\/ppge\/wp-json\/wp\/v2\/posts"}],"about":[{"href":"https:\/\/www2.uepg.br\/ppge\/wp-json\/wp\/v2\/types\/post"}],"author":[{"embeddable":true,"href":"https:\/\/www2.uepg.br\/ppge\/wp-json\/wp\/v2\/users\/56"}],"replies":[{"embeddable":true,"href":"https:\/\/www2.uepg.br\/ppge\/wp-json\/wp\/v2\/comments?post=450"}],"version-history":[{"count":3,"href":"https:\/\/www2.uepg.br\/ppge\/wp-json\/wp\/v2\/posts\/450\/revisions"}],"predecessor-version":[{"id":453,"href":"https:\/\/www2.uepg.br\/ppge\/wp-json\/wp\/v2\/posts\/450\/revisions\/453"}],"wp:attachment":[{"href":"https:\/\/www2.uepg.br\/ppge\/wp-json\/wp\/v2\/media?parent=450"}],"wp:term":[{"taxonomy":"category","embeddable":true,"href":"https:\/\/www2.uepg.br\/ppge\/wp-json\/wp\/v2\/categories?post=450"},{"taxonomy":"post_tag","embeddable":true,"href":"https:\/\/www2.uepg.br\/ppge\/wp-json\/wp\/v2\/tags?post=450"}],"curies":[{"name":"wp","href":"https:\/\/api.w.org\/{rel}","templated":true}]}}