{"id":457,"date":"2019-08-15T07:50:58","date_gmt":"2019-08-15T10:50:58","guid":{"rendered":"http:\/\/www2.uepg.br\/ppge\/?p=457"},"modified":"2021-03-09T13:08:14","modified_gmt":"2021-03-09T16:08:14","slug":"informativo-sobre-retorno-das-atividades","status":"publish","type":"post","link":"https:\/\/www2.uepg.br\/ppge\/informativo-sobre-retorno-das-atividades\/","title":{"rendered":"RETORNO DAS ATIVIDADES DO SEGUNDO SEMESTRE"},"content":{"rendered":"<div>Tendo em vista a finaliza\u00e7\u00e3o da Greve Docente e retorno das atividades no dia 19 de agosto de 2019, conforme delibera\u00e7\u00e3o da Assembleia Docente realizada em 14 de agosto de 2019 e da decis\u00e3o do Colegiado do Programa de P\u00f3s-Gradua\u00e7\u00e3o em Educa\u00e7\u00e3o, a Coordena\u00e7\u00e3o informa que:<\/div>\n<div><\/div>\n<div>&#8211; O per\u00edodo entre <strong>19 a 23 de agosto de agosto de 2019 fica reservado para reposi\u00e7\u00f5es<\/strong> de aulas n\u00e3o ministradas no 1\u00ba semestre;<\/div>\n<div><\/div>\n<div>&#8211; A <strong>Aula Inaugural<\/strong> do PPGE, prevista para o dia 21 de agosto de 2019, quarta-feira, 19 horas, <strong>se constitui em<\/strong> <strong>atividade obrigat\u00f3ria<\/strong> para os discentes matriculados e ser\u00e1 realizada no Grande Audit\u00f3rio, Campus Central (haver\u00e1 controle de frequ\u00eancia);<\/div>\n<div><\/div>\n<div>&#8211; <strong>O in\u00edcio das aulas do 2\u00ba semestre ser\u00e1 em 26 de agosto de 2019.<\/strong><\/div>\n<div align=\"right\"><\/div>\n<div align=\"right\"><\/div>\n<div align=\"right\">Ponta Grossa, 15 de agosto de 2019.<\/div>\n<div align=\"right\"><\/div>\n<div align=\"center\"><\/div>\n<div align=\"center\">Prof. Dra. Simone de F\u00e1tima Flach<\/div>\n<div align=\"center\">Coordenadora do Programa de P\u00f3s-Gradua\u00e7\u00e3o em Educa\u00e7\u00e3o<\/div>\n","protected":false},"excerpt":{"rendered":"<p>Tendo em vista a finaliza\u00e7\u00e3o da Greve Docente e retorno das atividades no dia 19 de agosto de 2019, conforme delibera\u00e7\u00e3o da Assembleia Docente realizada em 14 de agosto de 2019 e da decis\u00e3o do Colegiado do Programa de P\u00f3s-Gradua\u00e7\u00e3o em Educa\u00e7\u00e3o, a Coordena\u00e7\u00e3o informa que: &#8211; O per\u00edodo entre 19 a 23 de agosto&nbsp;&hellip;<\/p>\n","protected":false},"author":56,"featured_media":0,"comment_status":"closed","ping_status":"open","sticky":false,"template":"","format":"standard","meta":[],"categories":[3],"tags":[],"_links":{"self":[{"href":"https:\/\/www2.uepg.br\/ppge\/wp-json\/wp\/v2\/posts\/457"}],"collection":[{"href":"https:\/\/www2.uepg.br\/ppge\/wp-json\/wp\/v2\/posts"}],"about":[{"href":"https:\/\/www2.uepg.br\/ppge\/wp-json\/wp\/v2\/types\/post"}],"author":[{"embeddable":true,"href":"https:\/\/www2.uepg.br\/ppge\/wp-json\/wp\/v2\/users\/56"}],"replies":[{"embeddable":true,"href":"https:\/\/www2.uepg.br\/ppge\/wp-json\/wp\/v2\/comments?post=457"}],"version-history":[{"count":3,"href":"https:\/\/www2.uepg.br\/ppge\/wp-json\/wp\/v2\/posts\/457\/revisions"}],"predecessor-version":[{"id":460,"href":"https:\/\/www2.uepg.br\/ppge\/wp-json\/wp\/v2\/posts\/457\/revisions\/460"}],"wp:attachment":[{"href":"https:\/\/www2.uepg.br\/ppge\/wp-json\/wp\/v2\/media?parent=457"}],"wp:term":[{"taxonomy":"category","embeddable":true,"href":"https:\/\/www2.uepg.br\/ppge\/wp-json\/wp\/v2\/categories?post=457"},{"taxonomy":"post_tag","embeddable":true,"href":"https:\/\/www2.uepg.br\/ppge\/wp-json\/wp\/v2\/tags?post=457"}],"curies":[{"name":"wp","href":"https:\/\/api.w.org\/{rel}","templated":true}]}}