{"id":1350,"date":"2025-02-26T10:35:33","date_gmt":"2025-02-26T13:35:33","guid":{"rendered":"https:\/\/www2.uepg.br\/ppgecem\/?p=1350"},"modified":"2025-12-11T16:45:07","modified_gmt":"2025-12-11T19:45:07","slug":"convite-para-banca-de-defesa-de-mestrado","status":"publish","type":"post","link":"https:\/\/www2.uepg.br\/ppgecem\/convite-para-banca-de-defesa-de-mestrado\/","title":{"rendered":"Convite para Banca de Defesa de Mestrado"},"content":{"rendered":"<p data-start=\"61\" data-end=\"107\"><strong data-start=\"61\" data-end=\"105\">Convite para Banca de Defesa de Mestrado<\/strong><\/p>\n<p data-start=\"109\" data-end=\"312\">A comunidade acad\u00eamica est\u00e1 convidada para a defesa de disserta\u00e7\u00e3o de mestrado de <strong data-start=\"191\" data-end=\"204\">Ana Carla Santos Silvestre Edin<\/strong>, a ser realizada na pr\u00f3xima <strong data-start=\"233\" data-end=\"272\">sexta-feira, 28 de fevereiro, \u00e0s 9h<\/strong>, de forma <strong data-start=\"283\" data-end=\"293\">remota<\/strong> via Google Meet.<\/p>\n<p data-start=\"314\" data-end=\"420\"><strong data-start=\"314\" data-end=\"340\">T\u00edtulo:<\/strong><br data-start=\"340\" data-end=\"343\" \/><em data-start=\"343\" data-end=\"418\">&#8220;Grandezas e Medidas na Educa\u00e7\u00e3o Infantil: o lado crian\u00e7ar na Matem\u00e1tica&#8221;<\/em><\/p>\n<p data-start=\"547\" data-end=\"654\">\ud83d\udcc5 <strong data-start=\"550\" data-end=\"559\">Data:<\/strong> 28 de fevereiro<br data-start=\"575\" data-end=\"578\" \/>\u23f0 <strong data-start=\"580\" data-end=\"592\">Hor\u00e1rio:<\/strong> 9h<br data-start=\"595\" data-end=\"598\" \/>\ud83d\udccd <strong data-start=\"601\" data-end=\"611\">Local:<\/strong> Google Meet<\/p>\n<p data-start=\"656\" data-end=\"682\" data-is-last-node=\"\" data-is-only-node=\"\">Contamos com sua presen\u00e7a!<\/p>\n","protected":false},"excerpt":{"rendered":"<p>Convite para Banca de Defesa de Mestrado A comunidade acad\u00eamica est\u00e1 convidada para a defesa de disserta\u00e7\u00e3o de mestrado de Ana Carla Santos Silvestre Edin, a ser realizada na pr\u00f3xima sexta-feira, 28 de fevereiro, \u00e0s 9h, de forma remota via Google Meet. T\u00edtulo:&#8220;Grandezas e Medidas na Educa\u00e7\u00e3o Infantil: o lado crian\u00e7ar na Matem\u00e1tica&#8221; \ud83d\udcc5 Data:&nbsp;&hellip;<\/p>\n","protected":false},"author":787,"featured_media":1351,"comment_status":"closed","ping_status":"open","sticky":false,"template":"","format":"standard","meta":[],"categories":[2],"tags":[],"_links":{"self":[{"href":"https:\/\/www2.uepg.br\/ppgecem\/wp-json\/wp\/v2\/posts\/1350"}],"collection":[{"href":"https:\/\/www2.uepg.br\/ppgecem\/wp-json\/wp\/v2\/posts"}],"about":[{"href":"https:\/\/www2.uepg.br\/ppgecem\/wp-json\/wp\/v2\/types\/post"}],"author":[{"embeddable":true,"href":"https:\/\/www2.uepg.br\/ppgecem\/wp-json\/wp\/v2\/users\/787"}],"replies":[{"embeddable":true,"href":"https:\/\/www2.uepg.br\/ppgecem\/wp-json\/wp\/v2\/comments?post=1350"}],"version-history":[{"count":4,"href":"https:\/\/www2.uepg.br\/ppgecem\/wp-json\/wp\/v2\/posts\/1350\/revisions"}],"predecessor-version":[{"id":1383,"href":"https:\/\/www2.uepg.br\/ppgecem\/wp-json\/wp\/v2\/posts\/1350\/revisions\/1383"}],"wp:featuredmedia":[{"embeddable":true,"href":"https:\/\/www2.uepg.br\/ppgecem\/wp-json\/wp\/v2\/media\/1351"}],"wp:attachment":[{"href":"https:\/\/www2.uepg.br\/ppgecem\/wp-json\/wp\/v2\/media?parent=1350"}],"wp:term":[{"taxonomy":"category","embeddable":true,"href":"https:\/\/www2.uepg.br\/ppgecem\/wp-json\/wp\/v2\/categories?post=1350"},{"taxonomy":"post_tag","embeddable":true,"href":"https:\/\/www2.uepg.br\/ppgecem\/wp-json\/wp\/v2\/tags?post=1350"}],"curies":[{"name":"wp","href":"https:\/\/api.w.org\/{rel}","templated":true}]}}