{"id":439,"date":"2021-02-10T15:13:08","date_gmt":"2021-02-10T18:13:08","guid":{"rendered":"https:\/\/www2.uepg.br\/ppgecem\/?p=439"},"modified":"2025-12-17T14:04:34","modified_gmt":"2025-12-17T17:04:34","slug":"participe-do-ix-workshop-paranaense-de-arte-ciencia-7th-international-meeting-on-art-science-imagens-do-brasil","status":"publish","type":"post","link":"https:\/\/www2.uepg.br\/ppgecem\/participe-do-ix-workshop-paranaense-de-arte-ciencia-7th-international-meeting-on-art-science-imagens-do-brasil\/","title":{"rendered":"Participe do IX Workshop Paranaense de Arte-Ci\u00eancia \/ 7th International Meeting on Art-Science &#8211; Imagens do Brasil"},"content":{"rendered":"<p style=\"text-align: left\">Entre os dias 04 e 08\/10\/2021 ser\u00e1 realizado o IX Workshop Paranaense de Arte-Ci\u00eancia &#8211; Imagens do Brasil. O evento ser\u00e1 realizado de forma remota, em atendimento ao distanciamento imposto pela pandemia. A data limite para submiss\u00e3o de trabalhos \u00e9 20\/09\/2021, e os trabalhos selecionados ser\u00e3o publicados em um n\u00famero especial da Revista Vitruvian Cogitationes, ligada ao Programa de P\u00f3s-Gradua\u00e7\u00e3o em Educa\u00e7\u00e3o para a Ci\u00eancia e a Matem\u00e1tica &#8211; PCM, da Universidade Estadual de Maring\u00e1 &#8211; UEM. As inscri\u00e7\u00f5es para ouvintes v\u00e3o at\u00e9 o dia 04\/10\/2021.<\/p>\n<p style=\"text-align: left\">O tema transversal ser\u00e1 a comemora\u00e7\u00e3o do bicenten\u00e1rio de Jean-Victor Frond (1821-1881), fot\u00f3grafo franc\u00eas que instalou 1\u00ba est\u00fadio no Rio de Janeiro, e desenvolveu um projeto de documentar as terras brasileiras em que, apesar de n\u00e3o ter conseguido fotografar todo o pa\u00eds, em 1859 publicou o <em>Br\u00e9sil Pittoresque\u00a0<\/em>[Brazil pittoresco], com texto de Charles Ribeyrolles. Foi o primeiro livro de fotografia realizado na Am\u00e9rica Latina (a obra possui registros fotogr\u00e1ficos da escravid\u00e3o, da vida rural e de paisagens do Rio de Janeiro).<\/p>\n<p>Maiores informa\u00e7\u00f5es pelo site: <a href=\"https:\/\/interarc-uepg5.webnode.com\/viii-workshop-arte-ciencia2\/\" target=\"_blank\" rel=\"noopener\">https:\/\/interarc-uepg5.webnode.com\/viii-workshop-arte-ciencia2\/<\/a><\/p>\n<p><img src=\"https:\/\/interarc-uepg5.webnode.com\/_files\/200000102-9dcb39dcb5\/banner%20com%20logo%20(1).png?ph=013e676fd4\" \/><\/p>\n","protected":false},"excerpt":{"rendered":"<p>Entre os dias 04 e 08\/10\/2021 ser\u00e1 realizado o IX Workshop Paranaense de Arte-Ci\u00eancia &#8211; Imagens do Brasil. O evento ser\u00e1 realizado de forma remota, em atendimento ao distanciamento imposto pela pandemia. A data limite para submiss\u00e3o de trabalhos \u00e9 20\/09\/2021, e os trabalhos selecionados ser\u00e3o publicados em um n\u00famero especial da Revista Vitruvian Cogitationes,&nbsp;&hellip;<\/p>\n","protected":false},"author":1,"featured_media":0,"comment_status":"open","ping_status":"open","sticky":false,"template":"","format":"standard","meta":[],"categories":[2],"tags":[],"_links":{"self":[{"href":"https:\/\/www2.uepg.br\/ppgecem\/wp-json\/wp\/v2\/posts\/439"}],"collection":[{"href":"https:\/\/www2.uepg.br\/ppgecem\/wp-json\/wp\/v2\/posts"}],"about":[{"href":"https:\/\/www2.uepg.br\/ppgecem\/wp-json\/wp\/v2\/types\/post"}],"author":[{"embeddable":true,"href":"https:\/\/www2.uepg.br\/ppgecem\/wp-json\/wp\/v2\/users\/1"}],"replies":[{"embeddable":true,"href":"https:\/\/www2.uepg.br\/ppgecem\/wp-json\/wp\/v2\/comments?post=439"}],"version-history":[{"count":8,"href":"https:\/\/www2.uepg.br\/ppgecem\/wp-json\/wp\/v2\/posts\/439\/revisions"}],"predecessor-version":[{"id":555,"href":"https:\/\/www2.uepg.br\/ppgecem\/wp-json\/wp\/v2\/posts\/439\/revisions\/555"}],"wp:attachment":[{"href":"https:\/\/www2.uepg.br\/ppgecem\/wp-json\/wp\/v2\/media?parent=439"}],"wp:term":[{"taxonomy":"category","embeddable":true,"href":"https:\/\/www2.uepg.br\/ppgecem\/wp-json\/wp\/v2\/categories?post=439"},{"taxonomy":"post_tag","embeddable":true,"href":"https:\/\/www2.uepg.br\/ppgecem\/wp-json\/wp\/v2\/tags?post=439"}],"curies":[{"name":"wp","href":"https:\/\/api.w.org\/{rel}","templated":true}]}}