{"id":512,"date":"2023-10-06T11:13:46","date_gmt":"2023-10-06T14:13:46","guid":{"rendered":"https:\/\/www2.uepg.br\/ppgef\/?p=512"},"modified":"2023-10-06T11:32:45","modified_gmt":"2023-10-06T14:32:45","slug":"xxv-semana-da-fisica-a-fisica-e-a-equidade","status":"publish","type":"post","link":"https:\/\/www2.uepg.br\/ppgef\/xxv-semana-da-fisica-a-fisica-e-a-equidade\/","title":{"rendered":"XXV Semana da F\u00edsica: A F\u00edsica e a Equidade"},"content":{"rendered":"<p>A <strong>XXV Semana da F\u00edsica,<\/strong> que tem por tema no ano de 2023: <strong>A F\u00edsica e a Equidade<\/strong>, \u00e9 um evento anual organizado pelo DEFIS \u2013 UEPG, que busca integrar a comunidade acad\u00eamica da UEPG com professores e alunos da educa\u00e7\u00e3o b\u00e1sica por meio de atividades acad\u00eamicas, cientificas e culturais. Intenta-se estabelecer um locus de dissemina\u00e7\u00e3o e divulga\u00e7\u00e3o de temas relacionados \u00e0 F\u00edsica e ao seu Ensino.<\/p>\n<p>Mais informa\u00e7\u00f5es em: <a href=\"https:\/\/www2.uepg.br\/ppgef\/eventos\">https:\/\/www2.uepg.br\/ppgef\/eventos<\/a><\/p>\n","protected":false},"excerpt":{"rendered":"<p>A XXV Semana da F\u00edsica, que tem por tema no ano de 2023: A F\u00edsica e a Equidade, \u00e9 um evento anual organizado pelo DEFIS \u2013 UEPG, que busca integrar a comunidade acad\u00eamica da UEPG com professores e alunos da educa\u00e7\u00e3o b\u00e1sica por meio de atividades acad\u00eamicas, cientificas e culturais. Intenta-se estabelecer um locus de&nbsp;&hellip;<\/p>\n","protected":false},"author":21,"featured_media":508,"comment_status":"closed","ping_status":"open","sticky":false,"template":"","format":"standard","meta":[],"categories":[2],"tags":[],"_links":{"self":[{"href":"https:\/\/www2.uepg.br\/ppgef\/wp-json\/wp\/v2\/posts\/512"}],"collection":[{"href":"https:\/\/www2.uepg.br\/ppgef\/wp-json\/wp\/v2\/posts"}],"about":[{"href":"https:\/\/www2.uepg.br\/ppgef\/wp-json\/wp\/v2\/types\/post"}],"author":[{"embeddable":true,"href":"https:\/\/www2.uepg.br\/ppgef\/wp-json\/wp\/v2\/users\/21"}],"replies":[{"embeddable":true,"href":"https:\/\/www2.uepg.br\/ppgef\/wp-json\/wp\/v2\/comments?post=512"}],"version-history":[{"count":5,"href":"https:\/\/www2.uepg.br\/ppgef\/wp-json\/wp\/v2\/posts\/512\/revisions"}],"predecessor-version":[{"id":517,"href":"https:\/\/www2.uepg.br\/ppgef\/wp-json\/wp\/v2\/posts\/512\/revisions\/517"}],"wp:featuredmedia":[{"embeddable":true,"href":"https:\/\/www2.uepg.br\/ppgef\/wp-json\/wp\/v2\/media\/508"}],"wp:attachment":[{"href":"https:\/\/www2.uepg.br\/ppgef\/wp-json\/wp\/v2\/media?parent=512"}],"wp:term":[{"taxonomy":"category","embeddable":true,"href":"https:\/\/www2.uepg.br\/ppgef\/wp-json\/wp\/v2\/categories?post=512"},{"taxonomy":"post_tag","embeddable":true,"href":"https:\/\/www2.uepg.br\/ppgef\/wp-json\/wp\/v2\/tags?post=512"}],"curies":[{"name":"wp","href":"https:\/\/api.w.org\/{rel}","templated":true}]}}