{"id":730,"date":"2025-09-01T14:31:49","date_gmt":"2025-09-01T17:31:49","guid":{"rendered":"https:\/\/www2.uepg.br\/ppgef\/?p=730"},"modified":"2025-09-01T15:35:30","modified_gmt":"2025-09-01T18:35:30","slug":"aberto-processo-seletivo-para-turma-2026","status":"publish","type":"post","link":"https:\/\/www2.uepg.br\/ppgef\/aberto-processo-seletivo-para-turma-2026\/","title":{"rendered":"ABERTO PROCESSO SELETIVO PARA TURMA 2026"},"content":{"rendered":"<p>&nbsp;<\/p>\n<p>A Comiss\u00e3o de P\u00f3s-Gradua\u00e7\u00e3o do Mestrado Nacional Profissional em Ensino de F\u00edsica (CPG\/<br \/>\nMNPEF) da Sociedade Brasileira de F\u00edsica (SBF) torna p\u00fablico aos interessados que est\u00e3o<br \/>\nabertas as inscri\u00e7\u00f5es para o processo seletivo de ingresso no curso de Mestrado Nacional Profissional em Ensino de F\u00edsica.<\/p>\n<p>Veja o edital <a href=\"http:\/\/www.www1.fisica.org.br\/mnpef\/ps\/2026\/edital-nacional\">aqui<\/a><\/p>\n","protected":false},"excerpt":{"rendered":"<p>&nbsp; A Comiss\u00e3o de P\u00f3s-Gradua\u00e7\u00e3o do Mestrado Nacional Profissional em Ensino de F\u00edsica (CPG\/ MNPEF) da Sociedade Brasileira de F\u00edsica (SBF) torna p\u00fablico aos interessados que est\u00e3o abertas as inscri\u00e7\u00f5es para o processo seletivo de ingresso no curso de Mestrado Nacional Profissional em Ensino de F\u00edsica. Veja o edital aqui<\/p>\n","protected":false},"author":52,"featured_media":733,"comment_status":"closed","ping_status":"open","sticky":false,"template":"","format":"standard","meta":[],"categories":[2],"tags":[],"_links":{"self":[{"href":"https:\/\/www2.uepg.br\/ppgef\/wp-json\/wp\/v2\/posts\/730"}],"collection":[{"href":"https:\/\/www2.uepg.br\/ppgef\/wp-json\/wp\/v2\/posts"}],"about":[{"href":"https:\/\/www2.uepg.br\/ppgef\/wp-json\/wp\/v2\/types\/post"}],"author":[{"embeddable":true,"href":"https:\/\/www2.uepg.br\/ppgef\/wp-json\/wp\/v2\/users\/52"}],"replies":[{"embeddable":true,"href":"https:\/\/www2.uepg.br\/ppgef\/wp-json\/wp\/v2\/comments?post=730"}],"version-history":[{"count":5,"href":"https:\/\/www2.uepg.br\/ppgef\/wp-json\/wp\/v2\/posts\/730\/revisions"}],"predecessor-version":[{"id":739,"href":"https:\/\/www2.uepg.br\/ppgef\/wp-json\/wp\/v2\/posts\/730\/revisions\/739"}],"wp:featuredmedia":[{"embeddable":true,"href":"https:\/\/www2.uepg.br\/ppgef\/wp-json\/wp\/v2\/media\/733"}],"wp:attachment":[{"href":"https:\/\/www2.uepg.br\/ppgef\/wp-json\/wp\/v2\/media?parent=730"}],"wp:term":[{"taxonomy":"category","embeddable":true,"href":"https:\/\/www2.uepg.br\/ppgef\/wp-json\/wp\/v2\/categories?post=730"},{"taxonomy":"post_tag","embeddable":true,"href":"https:\/\/www2.uepg.br\/ppgef\/wp-json\/wp\/v2\/tags?post=730"}],"curies":[{"name":"wp","href":"https:\/\/api.w.org\/{rel}","templated":true}]}}