{"id":847,"date":"2026-02-10T15:09:49","date_gmt":"2026-02-10T18:09:49","guid":{"rendered":"https:\/\/www2.uepg.br\/ppgef\/?p=847"},"modified":"2026-02-10T15:09:49","modified_gmt":"2026-02-10T18:09:49","slug":"edital-de-bolsas-para-ingressantes-da-turma-2026","status":"publish","type":"post","link":"https:\/\/www2.uepg.br\/ppgef\/edital-de-bolsas-para-ingressantes-da-turma-2026\/","title":{"rendered":"EDITAL DE BOLSAS PARA INGRESSANTES DA TURMA 2026"},"content":{"rendered":"<p>Comunicamos a abertura do edital para sele\u00e7\u00e3o de bolsista <a href=\"https:\/\/www2.uepg.br\/ppgef\/wp-content\/uploads\/sites\/204\/2026\/02\/EDITAL_DE_BOLSAS_CAPES_PROFIS-2026-FNacional-adequado.pdf\">(clique para acessar o edital)<\/a> para o Mestrado Profissional em Ensino de F\u00edsica. O edital \u00e9 nacional, com a garantia de pelo menos duas bolsas para o Polo 35 &#8211; UEPG. Os candidatos poder\u00e3o fazer sua inscri\u00e7\u00e3o para concorrer a uma bolsa no per\u00edodo de 15 fevereiro a 14 de mar\u00e7o de 2026 pelo e-mail: ppgef@uepg.br.<\/p>\n<p>S\u00e3o admitidos para o recebimento de bolsas os(as) discentes, ingressantes na turma de 2026, na condi\u00e7\u00e3o de professores (as) regentes de classe das redes p\u00fablicas da Educa\u00e7\u00e3o B\u00e1sica, efetivos(as) (inclusive aqueles(as) em est\u00e1gio probat\u00f3rio), ou com v\u00ednculo tempor\u00e1rio.<\/p>\n<p>Alertamos que \u00e9 necess\u00e1rio a comprova\u00e7\u00e3o de reg\u00eancia de classe deve ser atestada por meio de declara\u00e7\u00e3o assinada por autoridade competente e n\u00e3o dever\u00e1 ter data de emiss\u00e3o superior a 30 (trinta) dias contados a partir da data da matr\u00edcula dos discentes no curso. Al\u00e9m disso, \u00e9 necess\u00e1rio estar cadastrado(a) na Plataforma Paulo Freire (https:\/\/freire.capes.gov.br\/portal\/).<\/p>\n<p>&nbsp;<\/p>\n","protected":false},"excerpt":{"rendered":"<p>Comunicamos a abertura do edital para sele\u00e7\u00e3o de bolsista (clique para acessar o edital) para o Mestrado Profissional em Ensino de F\u00edsica. O edital \u00e9 nacional, com a garantia de pelo menos duas bolsas para o Polo 35 &#8211; UEPG. Os candidatos poder\u00e3o fazer sua inscri\u00e7\u00e3o para concorrer a uma bolsa no per\u00edodo de 15&nbsp;&hellip;<\/p>\n","protected":false},"author":52,"featured_media":0,"comment_status":"closed","ping_status":"open","sticky":false,"template":"","format":"standard","meta":[],"categories":[2],"tags":[],"_links":{"self":[{"href":"https:\/\/www2.uepg.br\/ppgef\/wp-json\/wp\/v2\/posts\/847"}],"collection":[{"href":"https:\/\/www2.uepg.br\/ppgef\/wp-json\/wp\/v2\/posts"}],"about":[{"href":"https:\/\/www2.uepg.br\/ppgef\/wp-json\/wp\/v2\/types\/post"}],"author":[{"embeddable":true,"href":"https:\/\/www2.uepg.br\/ppgef\/wp-json\/wp\/v2\/users\/52"}],"replies":[{"embeddable":true,"href":"https:\/\/www2.uepg.br\/ppgef\/wp-json\/wp\/v2\/comments?post=847"}],"version-history":[{"count":2,"href":"https:\/\/www2.uepg.br\/ppgef\/wp-json\/wp\/v2\/posts\/847\/revisions"}],"predecessor-version":[{"id":849,"href":"https:\/\/www2.uepg.br\/ppgef\/wp-json\/wp\/v2\/posts\/847\/revisions\/849"}],"wp:attachment":[{"href":"https:\/\/www2.uepg.br\/ppgef\/wp-json\/wp\/v2\/media?parent=847"}],"wp:term":[{"taxonomy":"category","embeddable":true,"href":"https:\/\/www2.uepg.br\/ppgef\/wp-json\/wp\/v2\/categories?post=847"},{"taxonomy":"post_tag","embeddable":true,"href":"https:\/\/www2.uepg.br\/ppgef\/wp-json\/wp\/v2\/tags?post=847"}],"curies":[{"name":"wp","href":"https:\/\/api.w.org\/{rel}","templated":true}]}}