{"id":3223,"date":"2023-06-21T17:38:38","date_gmt":"2023-06-21T20:38:38","guid":{"rendered":"https:\/\/www2.uepg.br\/ppgel\/?p=3223"},"modified":"2023-06-21T17:41:05","modified_gmt":"2023-06-21T20:41:05","slug":"primeira-circular-minuto-iii-evento-que-ocorrera-em-setembro-na-uepg","status":"publish","type":"post","link":"https:\/\/www2.uepg.br\/ppgel\/primeira-circular-minuto-iii-evento-que-ocorrera-em-setembro-na-uepg\/","title":{"rendered":"Primeira Circular &#8211; MINUTO III &#8211; Evento que ocorrer\u00e1 em setembro na UEPG"},"content":{"rendered":"<p style=\"text-align: center\"><strong><b>Mov\u00eancias Interdisciplinares da Utopia &#8211; <\/b><\/strong><strong><b>MINUTO 3<\/b><\/strong><\/p>\n<p style=\"text-align: center\"><strong><b>IX Col\u00f3quio Literatura &amp; Utopia<\/b><\/strong><\/p>\n<p style=\"text-align: center\"><strong><em><b><i>Comunidades reais, comunidades imaginadas, comunidades poss\u00edveis\u00a0<\/i><\/b><\/em><\/strong><\/p>\n<p style=\"text-align: center\">Os grupos de pesquisa Literatura e Utopia (PPGLL, Fale, Ufal) e Distopia e Contemporaneidade (PosLit, UFF), a Universidade Estadual de Ponta Grossa e a Universidade Federal de Alagoas\u00a0 convidam toda\u00a0 a\u00a0 comunidade acad\u00eamica e demais interessadas\/os para a terceira edi\u00e7\u00e3o do\u00a0 Congresso Nacional <strong><b>MOV\u00caNCIAS INTERDISCIPLINARES DA UTOPIA \u2013 Minuto 3 \u2013 e IX Col\u00f3quio Literatura &amp; Utopia:\u00a0 Comunidades reais, comunidades imaginadas, comunidades poss\u00edveis<\/b><\/strong>,\u00a0 que ir\u00e1 ocorrer entre os dias 20 e 22 de setembro de 2023, no Campus Central da Universidade Estadual de Ponta Grossa, UEPG, na cidade de Ponta Grossa, Paran\u00e1, com atividades presenciais e remotas.<\/p>\n<p style=\"text-align: center\">O crescente interesse de pesquisadoras\/es no Brasil e no exterior a respeito das discuss\u00f5es sobre utopia e distopia em perspectiva interdisciplinar nos desafia a olhar para o que chamamos de comunidades reais, comunidades imaginadas e comunidades poss\u00edveis, de modo a prever e propor nossa interven\u00e7\u00e3o intelectual, material e afetiva na rela\u00e7\u00e3o entre essas diferentes esferas da experi\u00eancia contempor\u00e2nea. Tendo como refer\u00eancia a longa tradi\u00e7\u00e3o dos impulsos ut\u00f3picos e dos alertas dist\u00f3picos na literatura e em outras artes e \u00e1reas do pensamento, o evento prop\u00f5e o compartilhamento de vis\u00f5es que, no movimento de retomar o passado e analisar o presente, possam vislumbrar juntos possibilidades futuras de comunidades reestruturadas, reimaginadas e possibilitadas.<\/p>\n<p style=\"text-align: center\">A programa\u00e7\u00e3o do evento est\u00e1 em consolida\u00e7\u00e3o e prev\u00ea a realiza\u00e7\u00e3o de Confer\u00eancias, Mesas-Redondas, Simp\u00f3sios e Comunica\u00e7\u00f5es Coordenadas. Os Simp\u00f3sios poder\u00e3o ser propostos por professoras\/es, p\u00f3s-graduadas\/os, individualmente ou em parceria entre dois ou mais pesquisadoras\/es, com a <u>apresenta\u00e7\u00e3o<\/u>\u00a0de temas relacionados \u00e0s m\u00faltiplas abordagens da utopia e da distopia articulados \u00e0s no\u00e7\u00f5es de comunidades reais, comunidades imaginadas e comunidades poss\u00edveis. Caber\u00e1 \u00e0s\/aos proponentes a sele\u00e7\u00e3o de resumos dos trabalhos a serem apresentados nos seus simp\u00f3sios.<\/p>\n<p style=\"text-align: center\">As inscri\u00e7\u00f5es dos Simp\u00f3sios poder\u00e3o ser realizadas de 15 de junho a 5 de julho, atrav\u00e9s <u>do preenchimento do formul\u00e1rio <\/u>espec\u00edfico \u201cINSCRI\u00c7\u00c3O DE SIMP\u00d3SIO\u201d na p\u00e1gina do Grupo de Pesquisa Literatura &amp; Utopia (<a href=\"https:\/\/www.literaturaeutopia.net\"><u>https:\/\/www.literaturaeutopia.net<\/u><\/a>), escolhendo a aba Minuto 3.<\/p>\n<p style=\"text-align: center\">As chamadas para <u>trabalhos<\/u>\u00a0em cada Simp\u00f3sio estar\u00e3o abertas entre 10 e 30 de julho, com a previs\u00e3o de participa\u00e7\u00e3o de at\u00e9 06 (seis) comunicadoras\/es por per\u00edodo (manh\u00e3 ou tarde) ou de at\u00e9 12 (doze) comunicadora\/es em at\u00e9 duas sess\u00f5es (uma pela manh\u00e3 e outra \u00e0 tarde<u>)<\/u>. A avalia\u00e7\u00e3o <u>dos trabalhos <\/u>propostos caber\u00e1 \u00e0s\/aos Coordenadoras\/es do Simp\u00f3sio at\u00e9 o dia 06 de agosto, prazo m\u00e1ximo de aceite das inscri\u00e7\u00f5es submetidas.<\/p>\n<p style=\"text-align: center\">O evento prev\u00ea tamb\u00e9m a realiza\u00e7\u00e3o de Comunica\u00e7\u00f5es Coordenadas, exclusivamente para acolher <u>contribui\u00e7\u00f5es propostas por<\/u>\u00a0 estudantes de gradua\u00e7\u00e3o. Estas inscri\u00e7\u00f5es dever\u00e3o ser realizadas em formul\u00e1rio espec\u00edfico \u201cINSCRI\u00c7\u00c3O DE COMUNICA\u00c7\u00c3O COORDENADA\u201d na p\u00e1gina do grupo de pesquisa Literatura e Utopia (<a href=\"https:\/\/www.literaturaeutopia.net\"><u>https:\/\/www.literaturaeutopia.net<\/u><\/a>), tamb\u00e9m entre 10 e 30 de julho. A avalia\u00e7\u00e3o das comunica\u00e7\u00f5es coordenadas ser\u00e1 realizada pela Comiss\u00e3o Cient\u00edfica do evento at\u00e9 o dia 06 de agosto, quando as inscri\u00e7\u00f5es acolhidas ser\u00e3o divulgadas.<\/p>\n<p style=\"text-align: center\">\u00a0O pagamento da taxa de inscri\u00e7\u00e3o da ou do participante no evento s\u00f3 dever\u00e1 ser realizado ap\u00f3s o recebimento da Carta de Aceite. Os valores a serem praticados s\u00e3o os seguintes:<\/p>\n<table>\n<tbody>\n<tr>\n<td><strong>Modalidade de inscri\u00e7\u00e3o<\/strong><\/td>\n<td><strong>Professor de Ensino Superior e\/ou pesquisadores<\/strong><\/td>\n<td><strong>Professor da Educa\u00e7\u00e3o B\u00e1sica<\/strong><\/td>\n<td><strong>Estudante de P\u00f3s-Gradua\u00e7\u00e3o<\/strong><\/td>\n<td><strong>Estudante de Gradua\u00e7\u00e3o<\/strong><\/td>\n<\/tr>\n<tr>\n<td>Com apresenta\u00e7\u00e3o de trabalho e\/ou coordena\u00e7\u00e3o de ST.<\/td>\n<td>R$ 75,00<\/td>\n<td>R$ 50,00<\/td>\n<td>R$ 50,00<\/td>\n<td>R$ 25,00<\/td>\n<\/tr>\n<tr>\n<td>Sem apresenta\u00e7\u00e3o de trabalho<\/td>\n<td>Sem custo<\/td>\n<td>Sem custo<\/td>\n<td>Sem custo<\/td>\n<td>Sem custo<\/td>\n<\/tr>\n<\/tbody>\n<\/table>\n<p style=\"text-align: center\">O pagamento dever\u00e1 ser feito ap\u00f3s o recebimento do aceite da proposta,\u00a0 mediante dep\u00f3sito banc\u00e1rio diretamente para a Conta Corrente 29.580-9, Ag\u00eancia 3057-0, chave de PIX literaturaeutopia@gmail.com (Banco do Brasil) e o comprovante dever\u00e1 ser enviado para o email <a href=\"mailto:minuto.evento@gmail.com\"><u>minuto.evento@gmail.com<\/u><\/a>,<\/p>\n<p style=\"text-align: center\">Desde j\u00e1, esperamos contar com o seu interesse e participa\u00e7\u00e3o no MINUTO 3.<\/p>\n<p style=\"text-align: center\">Mais informa\u00e7\u00f5es no site:\u00a0<a href=\"https:\/\/www.literaturaeutopia.net\"><u>https:\/\/www.literaturaeutopia.net<\/u><\/a><\/p>\n<p style=\"text-align: center\">\n<p style=\"text-align: center\">Cordialmente,<\/p>\n<p style=\"text-align: center\">\n<p style=\"text-align: center\">Organiza\u00e7\u00e3o do evento<\/p>\n","protected":false},"excerpt":{"rendered":"<p>Mov\u00eancias Interdisciplinares da Utopia &#8211; MINUTO 3 IX Col\u00f3quio Literatura &amp; Utopia Comunidades reais, comunidades imaginadas, comunidades poss\u00edveis\u00a0 Os grupos de pesquisa Literatura e Utopia (PPGLL, Fale, Ufal) e Distopia e Contemporaneidade (PosLit, UFF), a Universidade Estadual de Ponta Grossa e a Universidade Federal de Alagoas\u00a0 convidam toda\u00a0 a\u00a0 comunidade acad\u00eamica e demais interessadas\/os para&nbsp;&hellip;<\/p>\n","protected":false},"author":162,"featured_media":3224,"comment_status":"closed","ping_status":"open","sticky":false,"template":"","format":"standard","meta":[],"categories":[17],"tags":[],"_links":{"self":[{"href":"https:\/\/www2.uepg.br\/ppgel\/wp-json\/wp\/v2\/posts\/3223"}],"collection":[{"href":"https:\/\/www2.uepg.br\/ppgel\/wp-json\/wp\/v2\/posts"}],"about":[{"href":"https:\/\/www2.uepg.br\/ppgel\/wp-json\/wp\/v2\/types\/post"}],"author":[{"embeddable":true,"href":"https:\/\/www2.uepg.br\/ppgel\/wp-json\/wp\/v2\/users\/162"}],"replies":[{"embeddable":true,"href":"https:\/\/www2.uepg.br\/ppgel\/wp-json\/wp\/v2\/comments?post=3223"}],"version-history":[{"count":3,"href":"https:\/\/www2.uepg.br\/ppgel\/wp-json\/wp\/v2\/posts\/3223\/revisions"}],"predecessor-version":[{"id":3227,"href":"https:\/\/www2.uepg.br\/ppgel\/wp-json\/wp\/v2\/posts\/3223\/revisions\/3227"}],"wp:featuredmedia":[{"embeddable":true,"href":"https:\/\/www2.uepg.br\/ppgel\/wp-json\/wp\/v2\/media\/3224"}],"wp:attachment":[{"href":"https:\/\/www2.uepg.br\/ppgel\/wp-json\/wp\/v2\/media?parent=3223"}],"wp:term":[{"taxonomy":"category","embeddable":true,"href":"https:\/\/www2.uepg.br\/ppgel\/wp-json\/wp\/v2\/categories?post=3223"},{"taxonomy":"post_tag","embeddable":true,"href":"https:\/\/www2.uepg.br\/ppgel\/wp-json\/wp\/v2\/tags?post=3223"}],"curies":[{"name":"wp","href":"https:\/\/api.w.org\/{rel}","templated":true}]}}