{"id":4731,"date":"2025-09-02T15:46:07","date_gmt":"2025-09-02T18:46:07","guid":{"rendered":"https:\/\/www2.uepg.br\/ppgel\/?p=4731"},"modified":"2025-09-02T15:47:51","modified_gmt":"2025-09-02T18:47:51","slug":"xi-setedi-seminario-de-teses-e-dissertacoes-em-andamento","status":"publish","type":"post","link":"https:\/\/www2.uepg.br\/ppgel\/xi-setedi-seminario-de-teses-e-dissertacoes-em-andamento\/","title":{"rendered":"XI SETEDI \u2013 Semin\u00e1rio de Teses e Disserta\u00e7\u00f5es em Andamento"},"content":{"rendered":"<p style=\"text-align: left\"><img loading=\"lazy\" class=\"alignnone wp-image-4722\" src=\"http:\/\/www2.uepg.br\/ppgel\/wp-content\/uploads\/sites\/68\/2025\/09\/WhatsApp-Image-2025-09-02-at-15.10.47-1-212x300.jpeg\" alt=\"\" width=\"495\" height=\"700\" srcset=\"https:\/\/www2.uepg.br\/ppgel\/wp-content\/uploads\/sites\/68\/2025\/09\/WhatsApp-Image-2025-09-02-at-15.10.47-1-212x300.jpeg 212w, https:\/\/www2.uepg.br\/ppgel\/wp-content\/uploads\/sites\/68\/2025\/09\/WhatsApp-Image-2025-09-02-at-15.10.47-1-723x1024.jpeg 723w, https:\/\/www2.uepg.br\/ppgel\/wp-content\/uploads\/sites\/68\/2025\/09\/WhatsApp-Image-2025-09-02-at-15.10.47-1-768x1087.jpeg 768w, https:\/\/www2.uepg.br\/ppgel\/wp-content\/uploads\/sites\/68\/2025\/09\/WhatsApp-Image-2025-09-02-at-15.10.47-1-763x1080.jpeg 763w, https:\/\/www2.uepg.br\/ppgel\/wp-content\/uploads\/sites\/68\/2025\/09\/WhatsApp-Image-2025-09-02-at-15.10.47-1.jpeg 904w\" sizes=\"(max-width: 495px) 100vw, 495px\" \/><\/p>\n<p style=\"text-align: left\">O Programa de P\u00f3s-Gradua\u00e7\u00e3o promove em setembro o XI Semin\u00e1rio de Teses e Disserta\u00e7\u00f5es em Andamento (SETEDI), que neste ano traz como tema:<\/p>\n<p style=\"text-align: left\">\u201cTens\u00f5es na educa\u00e7\u00e3o b\u00e1sica do Paran\u00e1: plataformas, IA, censura &amp; outros desafios\u201d.<\/p>\n<p>O evento \u00e9 um espa\u00e7o de partilha e debate acad\u00eamico, reunindo discentes, docentes e pesquisadores para a apresenta\u00e7\u00e3o de trabalhos e a reflex\u00e3o sobre os caminhos e desafios da educa\u00e7\u00e3o.<\/p>\n<p><strong>Mais informa\u00e7\u00f5es sobre programa\u00e7\u00e3o e inscri\u00e7\u00f5es est\u00e3o dispon\u00edveis no site oficial do SETEDI:\u00a0<\/strong><\/p>\n<p><strong>https:\/\/ppgeluepg.wixsite.com\/setedi2025<\/strong><\/p>\n<p style=\"text-align: left\">\n","protected":false},"excerpt":{"rendered":"<p>O Programa de P\u00f3s-Gradua\u00e7\u00e3o promove em setembro o XI Semin\u00e1rio de Teses e Disserta\u00e7\u00f5es em Andamento (SETEDI), que neste ano traz como tema: \u201cTens\u00f5es na educa\u00e7\u00e3o b\u00e1sica do Paran\u00e1: plataformas, IA, censura &amp; outros desafios\u201d. O evento \u00e9 um espa\u00e7o de partilha e debate acad\u00eamico, reunindo discentes, docentes e pesquisadores para a apresenta\u00e7\u00e3o de trabalhos&nbsp;&hellip;<\/p>\n","protected":false},"author":867,"featured_media":0,"comment_status":"closed","ping_status":"open","sticky":false,"template":"","format":"standard","meta":[],"categories":[66],"tags":[],"_links":{"self":[{"href":"https:\/\/www2.uepg.br\/ppgel\/wp-json\/wp\/v2\/posts\/4731"}],"collection":[{"href":"https:\/\/www2.uepg.br\/ppgel\/wp-json\/wp\/v2\/posts"}],"about":[{"href":"https:\/\/www2.uepg.br\/ppgel\/wp-json\/wp\/v2\/types\/post"}],"author":[{"embeddable":true,"href":"https:\/\/www2.uepg.br\/ppgel\/wp-json\/wp\/v2\/users\/867"}],"replies":[{"embeddable":true,"href":"https:\/\/www2.uepg.br\/ppgel\/wp-json\/wp\/v2\/comments?post=4731"}],"version-history":[{"count":6,"href":"https:\/\/www2.uepg.br\/ppgel\/wp-json\/wp\/v2\/posts\/4731\/revisions"}],"predecessor-version":[{"id":4738,"href":"https:\/\/www2.uepg.br\/ppgel\/wp-json\/wp\/v2\/posts\/4731\/revisions\/4738"}],"wp:attachment":[{"href":"https:\/\/www2.uepg.br\/ppgel\/wp-json\/wp\/v2\/media?parent=4731"}],"wp:term":[{"taxonomy":"category","embeddable":true,"href":"https:\/\/www2.uepg.br\/ppgel\/wp-json\/wp\/v2\/categories?post=4731"},{"taxonomy":"post_tag","embeddable":true,"href":"https:\/\/www2.uepg.br\/ppgel\/wp-json\/wp\/v2\/tags?post=4731"}],"curies":[{"name":"wp","href":"https:\/\/api.w.org\/{rel}","templated":true}]}}