{"id":497,"date":"2020-06-08T18:09:38","date_gmt":"2020-06-08T21:09:38","guid":{"rendered":"http:\/\/www2.uepg.br\/ppgel\/?p=497"},"modified":"2021-03-09T13:35:27","modified_gmt":"2021-03-09T16:35:27","slug":"programacao-da-8a-semana-do-ciclo-virtual-de-atividades-complementares-do-colegiado-dos-cursos-de-letras","status":"publish","type":"post","link":"https:\/\/www2.uepg.br\/ppgel\/programacao-da-8a-semana-do-ciclo-virtual-de-atividades-complementares-do-colegiado-dos-cursos-de-letras\/","title":{"rendered":"Programa\u00e7\u00e3o da 8\u00aa Semana do Ciclo Virtual de Atividades Complementares do Colegiado dos Cursos de Letras"},"content":{"rendered":"<div dir=\"ltr\">\n<p dir=\"ltr\"><a href=\"http:\/\/www2.uepg.br\/ppgel\/wp-content\/uploads\/sites\/68\/2020\/06\/ANDRESSA_E_DANIEL.jpg\"><img loading=\"lazy\" class=\"size-medium wp-image-498 alignleft\" src=\"http:\/\/www2.uepg.br\/ppgel\/wp-content\/uploads\/sites\/68\/2020\/06\/ANDRESSA_E_DANIEL-300x228.jpg\" alt=\"\" width=\"300\" height=\"228\" srcset=\"https:\/\/www2.uepg.br\/ppgel\/wp-content\/uploads\/sites\/68\/2020\/06\/ANDRESSA_E_DANIEL-300x228.jpg 300w, https:\/\/www2.uepg.br\/ppgel\/wp-content\/uploads\/sites\/68\/2020\/06\/ANDRESSA_E_DANIEL-1024x778.jpg 1024w, https:\/\/www2.uepg.br\/ppgel\/wp-content\/uploads\/sites\/68\/2020\/06\/ANDRESSA_E_DANIEL-768x584.jpg 768w, https:\/\/www2.uepg.br\/ppgel\/wp-content\/uploads\/sites\/68\/2020\/06\/ANDRESSA_E_DANIEL-1536x1168.jpg 1536w, https:\/\/www2.uepg.br\/ppgel\/wp-content\/uploads\/sites\/68\/2020\/06\/ANDRESSA_E_DANIEL-1232x937.jpg 1232w, https:\/\/www2.uepg.br\/ppgel\/wp-content\/uploads\/sites\/68\/2020\/06\/ANDRESSA_E_DANIEL-1421x1080.jpg 1421w, https:\/\/www2.uepg.br\/ppgel\/wp-content\/uploads\/sites\/68\/2020\/06\/ANDRESSA_E_DANIEL.jpg 1626w\" sizes=\"(max-width: 300px) 100vw, 300px\" \/><\/a>08\/06\u00a0(segunda-feira) &#8211;\u00a018h00<\/p>\n<p dir=\"ltr\">Prof.\u00aa Ms. Andressa D&#8217;\u00c1vila (PG-Letras-UFPR\/UEPG)<\/p>\n<p dir=\"ltr\">Prof. Ms. Daniel Falkemback (PG-Letras-UFPR)<\/p>\n<p dir=\"ltr\">T\u00edtulo: COM QUANTOS LATINS SE FEZ O PORTUGU\u00caS? VARIA\u00c7\u00c3O E PRECONCEITO LINGU\u00cdSTICO NA HIST\u00d3RIA DA L\u00cdNGUA<\/p>\n<p dir=\"ltr\">Google Meet: <a title=\"http:\/\/meet.google.com\/war-pdca-nns\" href=\"http:\/\/meet.google.com\/war-pdca-nns\" target=\"_blank\" rel=\"noopener noreferrer\">http:\/\/meet.google.com\/war-pdca-nns<\/a><\/p>\n<p dir=\"ltr\">\n<p dir=\"ltr\">_____________________________<\/p>\n<p dir=\"ltr\">\n<p dir=\"ltr\"><a href=\"http:\/\/www2.uepg.br\/ppgel\/wp-content\/uploads\/sites\/68\/2020\/06\/DIEGO_E_ADRIAN.jpg\"><img loading=\"lazy\" class=\"size-medium wp-image-499 alignleft\" src=\"http:\/\/www2.uepg.br\/ppgel\/wp-content\/uploads\/sites\/68\/2020\/06\/DIEGO_E_ADRIAN-300x228.jpg\" alt=\"\" width=\"300\" height=\"228\" srcset=\"https:\/\/www2.uepg.br\/ppgel\/wp-content\/uploads\/sites\/68\/2020\/06\/DIEGO_E_ADRIAN-300x228.jpg 300w, https:\/\/www2.uepg.br\/ppgel\/wp-content\/uploads\/sites\/68\/2020\/06\/DIEGO_E_ADRIAN-1024x778.jpg 1024w, https:\/\/www2.uepg.br\/ppgel\/wp-content\/uploads\/sites\/68\/2020\/06\/DIEGO_E_ADRIAN-768x584.jpg 768w, https:\/\/www2.uepg.br\/ppgel\/wp-content\/uploads\/sites\/68\/2020\/06\/DIEGO_E_ADRIAN-1536x1168.jpg 1536w, https:\/\/www2.uepg.br\/ppgel\/wp-content\/uploads\/sites\/68\/2020\/06\/DIEGO_E_ADRIAN-1232x937.jpg 1232w, https:\/\/www2.uepg.br\/ppgel\/wp-content\/uploads\/sites\/68\/2020\/06\/DIEGO_E_ADRIAN-1421x1080.jpg 1421w, https:\/\/www2.uepg.br\/ppgel\/wp-content\/uploads\/sites\/68\/2020\/06\/DIEGO_E_ADRIAN.jpg 1626w\" sizes=\"(max-width: 300px) 100vw, 300px\" \/><\/a>09\/06\u00a0(ter\u00e7a-feira) &#8211;\u00a014h00<\/p>\n<p dir=\"ltr\">Prof. Dr. Diego Gomes do Valle (UEPG)<\/p>\n<p dir=\"ltr\">Prof. Ms. Adrian Clarindo (IFPR)<\/p>\n<p dir=\"ltr\">T\u00edtulo: FICANDO MEIO QUE PERTO DE DAVID FOSTER WALLACE: GRA\u00c7A INFINITA E ENSAIOS<\/p>\n<p dir=\"ltr\">Google Meet: <a title=\"https:\/\/meet.google.com\/tiq-scxq-ard\" href=\"https:\/\/meet.google.com\/tiq-scxq-ard\" target=\"_blank\" rel=\"noopener noreferrer\">https:\/\/meet.google.com\/tiq-scxq-ard<\/a><\/p>\n<p dir=\"ltr\">\n<p dir=\"ltr\">_____________________________<\/p>\n<p dir=\"ltr\">\n<p dir=\"ltr\"><a href=\"http:\/\/www2.uepg.br\/ppgel\/wp-content\/uploads\/sites\/68\/2020\/06\/RENATA_E_MARIANA.jpg\"><img loading=\"lazy\" class=\"size-medium wp-image-500 alignleft\" src=\"http:\/\/www2.uepg.br\/ppgel\/wp-content\/uploads\/sites\/68\/2020\/06\/RENATA_E_MARIANA-300x228.jpg\" alt=\"\" width=\"300\" height=\"228\" srcset=\"https:\/\/www2.uepg.br\/ppgel\/wp-content\/uploads\/sites\/68\/2020\/06\/RENATA_E_MARIANA-300x228.jpg 300w, https:\/\/www2.uepg.br\/ppgel\/wp-content\/uploads\/sites\/68\/2020\/06\/RENATA_E_MARIANA-1024x778.jpg 1024w, https:\/\/www2.uepg.br\/ppgel\/wp-content\/uploads\/sites\/68\/2020\/06\/RENATA_E_MARIANA-768x584.jpg 768w, https:\/\/www2.uepg.br\/ppgel\/wp-content\/uploads\/sites\/68\/2020\/06\/RENATA_E_MARIANA-1536x1168.jpg 1536w, https:\/\/www2.uepg.br\/ppgel\/wp-content\/uploads\/sites\/68\/2020\/06\/RENATA_E_MARIANA-1232x937.jpg 1232w, https:\/\/www2.uepg.br\/ppgel\/wp-content\/uploads\/sites\/68\/2020\/06\/RENATA_E_MARIANA-1421x1080.jpg 1421w, https:\/\/www2.uepg.br\/ppgel\/wp-content\/uploads\/sites\/68\/2020\/06\/RENATA_E_MARIANA.jpg 1626w\" sizes=\"(max-width: 300px) 100vw, 300px\" \/><\/a>09\/06\u00a0(ter\u00e7a-feira) &#8211;\u00a019h00<\/p>\n<p dir=\"ltr\">Prof.\u00aa Dr.\u00aa Renata Carreon (UEPG)<\/p>\n<p dir=\"ltr\">Prof.\u00aa Dr.\u00aa Mariana Moura (UFBA)<\/p>\n<p dir=\"ltr\">T\u00edtulo:\u00a0MASCULINIDADE E INCORPORA\u00c7\u00c3O DE POMBAGIRA: INTERFACES ENTRE A ANTROPOLOGIA E A AN\u00c1LISE DO DISCURSO<\/p>\n<p dir=\"ltr\">Google Meet: <a title=\"http:\/\/meet.google.com\/pjv-dusc-fsk\" href=\"http:\/\/meet.google.com\/pjv-dusc-fsk\" target=\"_blank\" rel=\"noopener noreferrer\">http:\/\/meet.google.com\/pjv-dusc-fsk<\/a><\/p>\n<p dir=\"ltr\">_____________________________<\/p>\n<p dir=\"ltr\">\n<p dir=\"ltr\"><a href=\"http:\/\/www2.uepg.br\/ppgel\/wp-content\/uploads\/sites\/68\/2020\/06\/NARA_E_ELAINE.jpg\"><img loading=\"lazy\" class=\"size-medium wp-image-501 alignleft\" src=\"http:\/\/www2.uepg.br\/ppgel\/wp-content\/uploads\/sites\/68\/2020\/06\/NARA_E_ELAINE-300x228.jpg\" alt=\"\" width=\"300\" height=\"228\" srcset=\"https:\/\/www2.uepg.br\/ppgel\/wp-content\/uploads\/sites\/68\/2020\/06\/NARA_E_ELAINE-300x228.jpg 300w, https:\/\/www2.uepg.br\/ppgel\/wp-content\/uploads\/sites\/68\/2020\/06\/NARA_E_ELAINE-1024x778.jpg 1024w, https:\/\/www2.uepg.br\/ppgel\/wp-content\/uploads\/sites\/68\/2020\/06\/NARA_E_ELAINE-768x584.jpg 768w, https:\/\/www2.uepg.br\/ppgel\/wp-content\/uploads\/sites\/68\/2020\/06\/NARA_E_ELAINE-1536x1168.jpg 1536w, https:\/\/www2.uepg.br\/ppgel\/wp-content\/uploads\/sites\/68\/2020\/06\/NARA_E_ELAINE-1232x937.jpg 1232w, https:\/\/www2.uepg.br\/ppgel\/wp-content\/uploads\/sites\/68\/2020\/06\/NARA_E_ELAINE-1421x1080.jpg 1421w, https:\/\/www2.uepg.br\/ppgel\/wp-content\/uploads\/sites\/68\/2020\/06\/NARA_E_ELAINE.jpg 1626w\" sizes=\"(max-width: 300px) 100vw, 300px\" \/><\/a>10\/06\u00a0(quarta-feira) &#8211;\u00a014h30<\/p>\n<p dir=\"ltr\">Prof.\u00aa Ms. Narayana Anunciato Alves<\/p>\n<p dir=\"ltr\">Prof.\u00aa Dr.\u00aa Elaine Ferreira do Vale Borges<\/p>\n<p dir=\"ltr\">T\u00edtulo:\u00a0PR\u00c1XIS PEDAG\u00d3GICA NO EST\u00c1GIO EM LETRAS: REFLEX\u00d5ES #1 \u2013 A OBSERVA\u00c7\u00c3O DE AULA<\/p>\n<p dir=\"ltr\">Google Meet: <a title=\"http:\/\/meet.google.com\/vyd-ijzy-eqq\" href=\"http:\/\/meet.google.com\/vyd-ijzy-eqq\" target=\"_blank\" rel=\"noopener noreferrer\">http:\/\/meet.google.com\/vyd-ijzy-eqq<\/a><\/p>\n<p dir=\"ltr\">\n<p dir=\"ltr\">_____________________________<\/p>\n<p dir=\"ltr\">\n<p dir=\"ltr\"><a href=\"http:\/\/www2.uepg.br\/ppgel\/wp-content\/uploads\/sites\/68\/2020\/06\/ALEXANDRA-1-1.jpg\"><img loading=\"lazy\" class=\"size-medium wp-image-502 alignleft\" src=\"http:\/\/www2.uepg.br\/ppgel\/wp-content\/uploads\/sites\/68\/2020\/06\/ALEXANDRA-1-1-300x228.jpg\" alt=\"\" width=\"300\" height=\"228\" srcset=\"https:\/\/www2.uepg.br\/ppgel\/wp-content\/uploads\/sites\/68\/2020\/06\/ALEXANDRA-1-1-300x228.jpg 300w, https:\/\/www2.uepg.br\/ppgel\/wp-content\/uploads\/sites\/68\/2020\/06\/ALEXANDRA-1-1-1024x778.jpg 1024w, https:\/\/www2.uepg.br\/ppgel\/wp-content\/uploads\/sites\/68\/2020\/06\/ALEXANDRA-1-1-768x584.jpg 768w, https:\/\/www2.uepg.br\/ppgel\/wp-content\/uploads\/sites\/68\/2020\/06\/ALEXANDRA-1-1-1536x1168.jpg 1536w, https:\/\/www2.uepg.br\/ppgel\/wp-content\/uploads\/sites\/68\/2020\/06\/ALEXANDRA-1-1-1232x937.jpg 1232w, https:\/\/www2.uepg.br\/ppgel\/wp-content\/uploads\/sites\/68\/2020\/06\/ALEXANDRA-1-1-1421x1080.jpg 1421w, https:\/\/www2.uepg.br\/ppgel\/wp-content\/uploads\/sites\/68\/2020\/06\/ALEXANDRA-1-1.jpg 1626w\" sizes=\"(max-width: 300px) 100vw, 300px\" \/><\/a>10\/06\u00a0(quarta-feira) &#8211;\u00a019h00<\/p>\n<p dir=\"ltr\">Prof.\u00aa Ms. Alexandra Nunes Santana (UEPG)<\/p>\n<p dir=\"ltr\">Prof.\u00aa P\u00e2mela Liara Messa &#8211; Tutora pedag\u00f3gica<\/p>\n<p dir=\"ltr\">Prof.\u00aa Suzimary de F\u00e1tima Machado &#8211; T\u00e9cnica Pedag\u00f3gica<\/p>\n<p dir=\"ltr\">T\u00edtulo:\u00a0O REFERENCIAL CURRICULAR DO PARAN\u00c1 E SUAS IMPLICA\u00c7\u00d5ES PARA O ENSINO DA L\u00cdNGUA PORTUGUESA<\/p>\n<p dir=\"ltr\">Google Meet: <a title=\"http:\/\/meet.google.com\/uhp-fenp-pkc\" href=\"http:\/\/meet.google.com\/uhp-fenp-pkc\" target=\"_blank\" rel=\"noopener noreferrer\">http:\/\/meet.google.com\/uhp-fenp-pkc<\/a><\/p>\n<p dir=\"ltr\">_____________________________<\/p>\n<p dir=\"ltr\">\n<p dir=\"ltr\"><a href=\"http:\/\/www2.uepg.br\/ppgel\/wp-content\/uploads\/sites\/68\/2020\/06\/SILVELY.jpg\"><img loading=\"lazy\" class=\"size-medium wp-image-503 alignleft\" src=\"http:\/\/www2.uepg.br\/ppgel\/wp-content\/uploads\/sites\/68\/2020\/06\/SILVELY-300x228.jpg\" alt=\"\" width=\"300\" height=\"228\" srcset=\"https:\/\/www2.uepg.br\/ppgel\/wp-content\/uploads\/sites\/68\/2020\/06\/SILVELY-300x228.jpg 300w, https:\/\/www2.uepg.br\/ppgel\/wp-content\/uploads\/sites\/68\/2020\/06\/SILVELY-1024x778.jpg 1024w, https:\/\/www2.uepg.br\/ppgel\/wp-content\/uploads\/sites\/68\/2020\/06\/SILVELY-768x584.jpg 768w, https:\/\/www2.uepg.br\/ppgel\/wp-content\/uploads\/sites\/68\/2020\/06\/SILVELY-1536x1168.jpg 1536w, https:\/\/www2.uepg.br\/ppgel\/wp-content\/uploads\/sites\/68\/2020\/06\/SILVELY-1232x937.jpg 1232w, https:\/\/www2.uepg.br\/ppgel\/wp-content\/uploads\/sites\/68\/2020\/06\/SILVELY-1421x1080.jpg 1421w, https:\/\/www2.uepg.br\/ppgel\/wp-content\/uploads\/sites\/68\/2020\/06\/SILVELY.jpg 1626w\" sizes=\"(max-width: 300px) 100vw, 300px\" \/><\/a>11\/06\u00a0(quinta-feira) &#8211;\u00a019h30<\/p>\n<p dir=\"ltr\">Prof.\u00aa Ms. Silvely Brandes (UEPG)<\/p>\n<p dir=\"ltr\">T\u00edtulo:\u00a0INTRODU\u00c7\u00c3O \u00c0 LITERATURA IND\u00cdGENA ESCRITA EM\u00a0 L\u00cdNGUA PORTUGUESA<\/p>\n<p dir=\"ltr\">Google Meet: <a title=\"http:\/\/meet.google.com\/vcc-toxm-vct\" href=\"http:\/\/meet.google.com\/vcc-toxm-vct\" target=\"_blank\" rel=\"noopener noreferrer\">http:\/\/meet.google.com\/vcc-toxm-vct<\/a><\/p>\n<\/div>\n<p dir=\"ltr\">\n<p dir=\"ltr\">\n<div dir=\"ltr\">\n<p dir=\"ltr\">_____________________________<\/p>\n<p dir=\"ltr\">\n<p dir=\"ltr\"><a href=\"http:\/\/www2.uepg.br\/ppgel\/wp-content\/uploads\/sites\/68\/2020\/06\/M\u00c1RCIA_E_DANY.jpg\"><img loading=\"lazy\" class=\"size-medium wp-image-504 alignleft\" src=\"http:\/\/www2.uepg.br\/ppgel\/wp-content\/uploads\/sites\/68\/2020\/06\/M\u00c1RCIA_E_DANY-300x228.jpg\" alt=\"\" width=\"300\" height=\"228\" srcset=\"https:\/\/www2.uepg.br\/ppgel\/wp-content\/uploads\/sites\/68\/2020\/06\/M\u00c1RCIA_E_DANY-300x228.jpg 300w, https:\/\/www2.uepg.br\/ppgel\/wp-content\/uploads\/sites\/68\/2020\/06\/M\u00c1RCIA_E_DANY-1024x778.jpg 1024w, https:\/\/www2.uepg.br\/ppgel\/wp-content\/uploads\/sites\/68\/2020\/06\/M\u00c1RCIA_E_DANY-768x584.jpg 768w, https:\/\/www2.uepg.br\/ppgel\/wp-content\/uploads\/sites\/68\/2020\/06\/M\u00c1RCIA_E_DANY-1536x1168.jpg 1536w, https:\/\/www2.uepg.br\/ppgel\/wp-content\/uploads\/sites\/68\/2020\/06\/M\u00c1RCIA_E_DANY-1232x937.jpg 1232w, https:\/\/www2.uepg.br\/ppgel\/wp-content\/uploads\/sites\/68\/2020\/06\/M\u00c1RCIA_E_DANY-1421x1080.jpg 1421w, https:\/\/www2.uepg.br\/ppgel\/wp-content\/uploads\/sites\/68\/2020\/06\/M\u00c1RCIA_E_DANY.jpg 1626w\" sizes=\"(max-width: 300px) 100vw, 300px\" \/><\/a>12\/06\u00a0(sexta-feira) &#8211;\u00a015h00<\/p>\n<p dir=\"ltr\">Prof.\u00aa Dr.\u00aa M\u00e1rcia Cristina do Carmo (UEPG\/DEEL)<\/p>\n<p dir=\"ltr\">Prof. Ms. Dany Gon\u00e7alves (UFRJ\/SME-RJ\/FEUC)<\/p>\n<p dir=\"ltr\">T\u00edtulo:\u00a0SOCIOLINGU\u00cdSTICA EM DEBATE: QUEST\u00d5ES SOBRE SEXO\/G\u00caNERO E ORIENTA\u00c7\u00c3O SEXUAL<\/p>\n<p dir=\"ltr\">Google Meet: <a title=\"http:\/\/meet.google.com\/mtj-zfjw-cxt\" href=\"http:\/\/meet.google.com\/mtj-zfjw-cxt\" target=\"_blank\" rel=\"noopener noreferrer\">http:\/\/meet.google.com\/mtj-zfjw-cxt<\/a><\/p>\n<p dir=\"ltr\">\n<p dir=\"ltr\">_____________________________<\/p>\n<p dir=\"ltr\">\n<p dir=\"ltr\"><a href=\"http:\/\/www2.uepg.br\/ppgel\/wp-content\/uploads\/sites\/68\/2020\/06\/MARIA_ISABEL_E_ANA.jpg\"><img loading=\"lazy\" class=\"size-medium wp-image-505 alignleft\" src=\"http:\/\/www2.uepg.br\/ppgel\/wp-content\/uploads\/sites\/68\/2020\/06\/MARIA_ISABEL_E_ANA-300x228.jpg\" alt=\"\" width=\"300\" height=\"228\" srcset=\"https:\/\/www2.uepg.br\/ppgel\/wp-content\/uploads\/sites\/68\/2020\/06\/MARIA_ISABEL_E_ANA-300x228.jpg 300w, https:\/\/www2.uepg.br\/ppgel\/wp-content\/uploads\/sites\/68\/2020\/06\/MARIA_ISABEL_E_ANA-1024x778.jpg 1024w, https:\/\/www2.uepg.br\/ppgel\/wp-content\/uploads\/sites\/68\/2020\/06\/MARIA_ISABEL_E_ANA-768x584.jpg 768w, https:\/\/www2.uepg.br\/ppgel\/wp-content\/uploads\/sites\/68\/2020\/06\/MARIA_ISABEL_E_ANA-1536x1168.jpg 1536w, https:\/\/www2.uepg.br\/ppgel\/wp-content\/uploads\/sites\/68\/2020\/06\/MARIA_ISABEL_E_ANA-1232x937.jpg 1232w, https:\/\/www2.uepg.br\/ppgel\/wp-content\/uploads\/sites\/68\/2020\/06\/MARIA_ISABEL_E_ANA-1421x1080.jpg 1421w, https:\/\/www2.uepg.br\/ppgel\/wp-content\/uploads\/sites\/68\/2020\/06\/MARIA_ISABEL_E_ANA.jpg 1626w\" sizes=\"(max-width: 300px) 100vw, 300px\" \/><\/a>13\/06\u00a0(s\u00e1bado) &#8211;\u00a017h00<\/p>\n<p dir=\"ltr\">Prof.\u00aa Dr.\u00aa Maria Isabel Bordini (UEPG)<\/p>\n<p dir=\"ltr\">Prof.\u00aa Ms. Ana Karla Canarinos (UNICAMP)<\/p>\n<p dir=\"ltr\">T\u00edtulo:\u00a0REVISITANDO ANTONIO CANDIDO: CONSIDERA\u00c7\u00d5ES SOBRE FORMA\u00c7\u00c3O DA LITERATURA BRASILEIRA<\/p>\n<p><span id=\"m_-5556586979332516608gmail-m_-3112130966766968607gmail-m_-4180044071266180561gmail-docs-internal-guid-c1b3e8ec-7fff-b05e-8056-a6ad38d05078\">Google Meet: <a href=\"https:\/\/meet.google.com\/prx-etpn-ayf\" target=\"_blank\" rel=\"noopener noreferrer\">https:\/\/meet.google.com\/prx-etpn-ayf<\/a><\/span><\/div>\n<div dir=\"ltr\"><\/div>\n<div dir=\"ltr\"><\/div>\n<hr \/>\n<div dir=\"ltr\"><a href=\"http:\/\/www2.uepg.br\/ppgel\/wp-content\/uploads\/sites\/68\/2020\/06\/CICLO_VIRTUAL_DE_ATIVIDADES_VIII.jpg\"><img loading=\"lazy\" class=\"size-medium wp-image-506 aligncenter\" src=\"http:\/\/www2.uepg.br\/ppgel\/wp-content\/uploads\/sites\/68\/2020\/06\/CICLO_VIRTUAL_DE_ATIVIDADES_VIII-212x300.jpg\" alt=\"\" width=\"212\" height=\"300\" srcset=\"https:\/\/www2.uepg.br\/ppgel\/wp-content\/uploads\/sites\/68\/2020\/06\/CICLO_VIRTUAL_DE_ATIVIDADES_VIII-212x300.jpg 212w, https:\/\/www2.uepg.br\/ppgel\/wp-content\/uploads\/sites\/68\/2020\/06\/CICLO_VIRTUAL_DE_ATIVIDADES_VIII-724x1024.jpg 724w, https:\/\/www2.uepg.br\/ppgel\/wp-content\/uploads\/sites\/68\/2020\/06\/CICLO_VIRTUAL_DE_ATIVIDADES_VIII-768x1086.jpg 768w, https:\/\/www2.uepg.br\/ppgel\/wp-content\/uploads\/sites\/68\/2020\/06\/CICLO_VIRTUAL_DE_ATIVIDADES_VIII-1086x1536.jpg 1086w, https:\/\/www2.uepg.br\/ppgel\/wp-content\/uploads\/sites\/68\/2020\/06\/CICLO_VIRTUAL_DE_ATIVIDADES_VIII-1448x2048.jpg 1448w, https:\/\/www2.uepg.br\/ppgel\/wp-content\/uploads\/sites\/68\/2020\/06\/CICLO_VIRTUAL_DE_ATIVIDADES_VIII-1232x1742.jpg 1232w, https:\/\/www2.uepg.br\/ppgel\/wp-content\/uploads\/sites\/68\/2020\/06\/CICLO_VIRTUAL_DE_ATIVIDADES_VIII-764x1080.jpg 764w, https:\/\/www2.uepg.br\/ppgel\/wp-content\/uploads\/sites\/68\/2020\/06\/CICLO_VIRTUAL_DE_ATIVIDADES_VIII.jpg 1626w\" sizes=\"(max-width: 212px) 100vw, 212px\" \/><\/a><\/div>\n<div dir=\"ltr\"><\/div>\n","protected":false},"excerpt":{"rendered":"<p>08\/06\u00a0(segunda-feira) &#8211;\u00a018h00 Prof.\u00aa Ms. Andressa D&#8217;\u00c1vila (PG-Letras-UFPR\/UEPG) Prof. Ms. Daniel Falkemback (PG-Letras-UFPR) T\u00edtulo: COM QUANTOS LATINS SE FEZ O PORTUGU\u00caS? VARIA\u00c7\u00c3O E PRECONCEITO LINGU\u00cdSTICO NA HIST\u00d3RIA DA L\u00cdNGUA Google Meet: http:\/\/meet.google.com\/war-pdca-nns _____________________________ 09\/06\u00a0(ter\u00e7a-feira) &#8211;\u00a014h00 Prof. Dr. Diego Gomes do Valle (UEPG) Prof. Ms. Adrian Clarindo (IFPR) T\u00edtulo: FICANDO MEIO QUE PERTO DE DAVID FOSTER WALLACE:&nbsp;&hellip;<\/p>\n","protected":false},"author":24,"featured_media":0,"comment_status":"closed","ping_status":"open","sticky":false,"template":"","format":"standard","meta":[],"categories":[2],"tags":[],"_links":{"self":[{"href":"https:\/\/www2.uepg.br\/ppgel\/wp-json\/wp\/v2\/posts\/497"}],"collection":[{"href":"https:\/\/www2.uepg.br\/ppgel\/wp-json\/wp\/v2\/posts"}],"about":[{"href":"https:\/\/www2.uepg.br\/ppgel\/wp-json\/wp\/v2\/types\/post"}],"author":[{"embeddable":true,"href":"https:\/\/www2.uepg.br\/ppgel\/wp-json\/wp\/v2\/users\/24"}],"replies":[{"embeddable":true,"href":"https:\/\/www2.uepg.br\/ppgel\/wp-json\/wp\/v2\/comments?post=497"}],"version-history":[{"count":1,"href":"https:\/\/www2.uepg.br\/ppgel\/wp-json\/wp\/v2\/posts\/497\/revisions"}],"predecessor-version":[{"id":507,"href":"https:\/\/www2.uepg.br\/ppgel\/wp-json\/wp\/v2\/posts\/497\/revisions\/507"}],"wp:attachment":[{"href":"https:\/\/www2.uepg.br\/ppgel\/wp-json\/wp\/v2\/media?parent=497"}],"wp:term":[{"taxonomy":"category","embeddable":true,"href":"https:\/\/www2.uepg.br\/ppgel\/wp-json\/wp\/v2\/categories?post=497"},{"taxonomy":"post_tag","embeddable":true,"href":"https:\/\/www2.uepg.br\/ppgel\/wp-json\/wp\/v2\/tags?post=497"}],"curies":[{"name":"wp","href":"https:\/\/api.w.org\/{rel}","templated":true}]}}