{"id":5040,"date":"2026-03-24T16:33:19","date_gmt":"2026-03-24T19:33:19","guid":{"rendered":"https:\/\/www2.uepg.br\/ppgel\/?p=5040"},"modified":"2026-03-24T16:48:27","modified_gmt":"2026-03-24T19:48:27","slug":"aula-inaugural-do-ppgel-uepg-destaca-papel-da-linguistica-na-inclusao-pedagogica","status":"publish","type":"post","link":"https:\/\/www2.uepg.br\/ppgel\/aula-inaugural-do-ppgel-uepg-destaca-papel-da-linguistica-na-inclusao-pedagogica\/","title":{"rendered":"Aula inaugural do PPGEL\/UEPG destaca papel da Lingu\u00edstica na inclus\u00e3o pedag\u00f3gica"},"content":{"rendered":"<p><span style=\"font-weight: 400\">No dia 10 de mar\u00e7o, o Programa de P\u00f3s-Gradua\u00e7\u00e3o em Estudos da Linguagem (PPGEL) da Universidade Estadual de Ponta Grossa (UEPG) realizou sua aula inaugural no Grande Audit\u00f3rio do Campus Central, reunindo docentes, discentes, comunidade acad\u00eamica e comunidade externa em torno de um tema de forte relev\u00e2ncia social e educacional.<\/span><\/p>\n<p><span style=\"font-weight: 400\">Com o t\u00edtulo \u201cA Pesquisa em Lingu\u00edstica como Suporte para Inclus\u00e3o Pedag\u00f3gica de Alunos com Necessidades Educacionais Especiais\u201d, a aula foi ministrada pela Prof.\u00aa Dr.\u00aa Marian dos Santos Oliveira, docente da Universidade Estadual do Sudoeste da Bahia (UESB), campus de Vit\u00f3ria da Conquista.<\/span><\/p>\n<p><span style=\"font-weight: 400\">Durante a exposi\u00e7\u00e3o, a pesquisadora destacou como os estudos lingu\u00edsticos \u2014 especialmente nas \u00e1reas de fon\u00e9tica, fonologia e aquisi\u00e7\u00e3o da linguagem \u2014 podem contribuir de forma significativa para pr\u00e1ticas pedag\u00f3gicas inclusivas. A trajet\u00f3ria acad\u00eamica da professora Marian refor\u00e7a esse compromisso com a inclus\u00e3o. Com atua\u00e7\u00e3o consolidada no campo da Lingu\u00edstica, sua pesquisa envolve, entre outros temas, o desenvolvimento da linguagem e da leitura em sujeitos com S\u00edndrome de Down, bem como aspectos pros\u00f3dicos e cognitivos relacionados ao processamento lingu\u00edstico.\u00a0<\/span><\/p>\n<p><span style=\"font-weight: 400\">Ao longo da aula, tamb\u00e9m foram discutidas experi\u00eancias de pesquisa desenvolvidas na UESB, evidenciando a interface entre investiga\u00e7\u00e3o cient\u00edfica e interven\u00e7\u00e3o pedag\u00f3gica. A palestrante ressaltou que a inclus\u00e3o n\u00e3o deve ser entendida apenas como adapta\u00e7\u00e3o, mas como um processo que exige transforma\u00e7\u00e3o das pr\u00e1ticas escolares.<\/span><\/p>\n<p><span style=\"font-weight: 400\">O evento marcou o in\u00edcio das atividades acad\u00eamicas do programa em 2026, reafirmando o compromisso do PPGEL\/UEPG com a forma\u00e7\u00e3o cr\u00edtica de pesquisadores e com a produ\u00e7\u00e3o de conhecimento voltado para demandas sociais urgentes, como a educa\u00e7\u00e3o inclusiva.<\/span><\/p>\n<p><span style=\"font-weight: 400\">A aula inaugural refor\u00e7ou, assim, o papel da Lingu\u00edstica n\u00e3o apenas como campo te\u00f3rico, mas como instrumento fundamental para a constru\u00e7\u00e3o de uma educa\u00e7\u00e3o mais democr\u00e1tica e acess\u00edvel.<\/span><\/p>\n<p>&nbsp;<\/p>\n<p><span style=\"font-weight: 400\"><img loading=\"lazy\" class=\"alignnone wp-image-5044\" src=\"http:\/\/www2.uepg.br\/ppgel\/wp-content\/uploads\/sites\/68\/2026\/03\/WhatsApp-Image-2026-03-24-at-16.26.47-225x300.jpeg\" alt=\"\" width=\"465\" height=\"621\" srcset=\"https:\/\/www2.uepg.br\/ppgel\/wp-content\/uploads\/sites\/68\/2026\/03\/WhatsApp-Image-2026-03-24-at-16.26.47-225x300.jpeg 225w, https:\/\/www2.uepg.br\/ppgel\/wp-content\/uploads\/sites\/68\/2026\/03\/WhatsApp-Image-2026-03-24-at-16.26.47-768x1024.jpeg 768w, https:\/\/www2.uepg.br\/ppgel\/wp-content\/uploads\/sites\/68\/2026\/03\/WhatsApp-Image-2026-03-24-at-16.26.47-1152x1536.jpeg 1152w, https:\/\/www2.uepg.br\/ppgel\/wp-content\/uploads\/sites\/68\/2026\/03\/WhatsApp-Image-2026-03-24-at-16.26.47-810x1080.jpeg 810w, https:\/\/www2.uepg.br\/ppgel\/wp-content\/uploads\/sites\/68\/2026\/03\/WhatsApp-Image-2026-03-24-at-16.26.47.jpeg 1200w\" sizes=\"(max-width: 465px) 100vw, 465px\" \/><\/span><\/p>\n<p><span style=\"font-weight: 400\"><img loading=\"lazy\" class=\"alignnone wp-image-5045\" src=\"http:\/\/www2.uepg.br\/ppgel\/wp-content\/uploads\/sites\/68\/2026\/03\/WhatsApp-Image-2026-03-24-at-16.25.55-225x300.jpeg\" alt=\"\" width=\"463\" height=\"617\" srcset=\"https:\/\/www2.uepg.br\/ppgel\/wp-content\/uploads\/sites\/68\/2026\/03\/WhatsApp-Image-2026-03-24-at-16.25.55-225x300.jpeg 225w, https:\/\/www2.uepg.br\/ppgel\/wp-content\/uploads\/sites\/68\/2026\/03\/WhatsApp-Image-2026-03-24-at-16.25.55-768x1024.jpeg 768w, https:\/\/www2.uepg.br\/ppgel\/wp-content\/uploads\/sites\/68\/2026\/03\/WhatsApp-Image-2026-03-24-at-16.25.55-1152x1536.jpeg 1152w, https:\/\/www2.uepg.br\/ppgel\/wp-content\/uploads\/sites\/68\/2026\/03\/WhatsApp-Image-2026-03-24-at-16.25.55-810x1080.jpeg 810w, https:\/\/www2.uepg.br\/ppgel\/wp-content\/uploads\/sites\/68\/2026\/03\/WhatsApp-Image-2026-03-24-at-16.25.55.jpeg 1200w\" sizes=\"(max-width: 463px) 100vw, 463px\" \/><\/span><\/p>\n<p><span style=\"font-weight: 400\"><img loading=\"lazy\" class=\"alignnone wp-image-5043\" src=\"http:\/\/www2.uepg.br\/ppgel\/wp-content\/uploads\/sites\/68\/2026\/03\/WhatsApp-Image-2026-03-24-at-16.26.47-1-300x225.jpeg\" alt=\"\" width=\"461\" height=\"346\" srcset=\"https:\/\/www2.uepg.br\/ppgel\/wp-content\/uploads\/sites\/68\/2026\/03\/WhatsApp-Image-2026-03-24-at-16.26.47-1-300x225.jpeg 300w, https:\/\/www2.uepg.br\/ppgel\/wp-content\/uploads\/sites\/68\/2026\/03\/WhatsApp-Image-2026-03-24-at-16.26.47-1-1024x768.jpeg 1024w, https:\/\/www2.uepg.br\/ppgel\/wp-content\/uploads\/sites\/68\/2026\/03\/WhatsApp-Image-2026-03-24-at-16.26.47-1-768x576.jpeg 768w, https:\/\/www2.uepg.br\/ppgel\/wp-content\/uploads\/sites\/68\/2026\/03\/WhatsApp-Image-2026-03-24-at-16.26.47-1-1536x1152.jpeg 1536w, https:\/\/www2.uepg.br\/ppgel\/wp-content\/uploads\/sites\/68\/2026\/03\/WhatsApp-Image-2026-03-24-at-16.26.47-1-1232x924.jpeg 1232w, https:\/\/www2.uepg.br\/ppgel\/wp-content\/uploads\/sites\/68\/2026\/03\/WhatsApp-Image-2026-03-24-at-16.26.47-1-1440x1080.jpeg 1440w, https:\/\/www2.uepg.br\/ppgel\/wp-content\/uploads\/sites\/68\/2026\/03\/WhatsApp-Image-2026-03-24-at-16.26.47-1.jpeg 1600w\" sizes=\"(max-width: 461px) 100vw, 461px\" \/><\/span><\/p>\n<p><span style=\"font-weight: 400\"><img loading=\"lazy\" class=\"alignnone wp-image-5042\" src=\"http:\/\/www2.uepg.br\/ppgel\/wp-content\/uploads\/sites\/68\/2026\/03\/WhatsApp-Image-2026-03-24-at-16.27.08-300x139.jpeg\" alt=\"\" width=\"460\" height=\"213\" \/><\/span><\/p>\n<p><span style=\"font-weight: 400\">\u00a0\u00a0<\/span><\/p>\n","protected":false},"excerpt":{"rendered":"<p>No dia 10 de mar\u00e7o, o Programa de P\u00f3s-Gradua\u00e7\u00e3o em Estudos da Linguagem (PPGEL) da Universidade Estadual de Ponta Grossa (UEPG) realizou sua aula inaugural no Grande Audit\u00f3rio do Campus Central, reunindo docentes, discentes, comunidade acad\u00eamica e comunidade externa em torno de um tema de forte relev\u00e2ncia social e educacional. Com o t\u00edtulo \u201cA Pesquisa&nbsp;&hellip;<\/p>\n","protected":false},"author":867,"featured_media":5042,"comment_status":"closed","ping_status":"open","sticky":false,"template":"","format":"standard","meta":[],"categories":[79],"tags":[],"_links":{"self":[{"href":"https:\/\/www2.uepg.br\/ppgel\/wp-json\/wp\/v2\/posts\/5040"}],"collection":[{"href":"https:\/\/www2.uepg.br\/ppgel\/wp-json\/wp\/v2\/posts"}],"about":[{"href":"https:\/\/www2.uepg.br\/ppgel\/wp-json\/wp\/v2\/types\/post"}],"author":[{"embeddable":true,"href":"https:\/\/www2.uepg.br\/ppgel\/wp-json\/wp\/v2\/users\/867"}],"replies":[{"embeddable":true,"href":"https:\/\/www2.uepg.br\/ppgel\/wp-json\/wp\/v2\/comments?post=5040"}],"version-history":[{"count":6,"href":"https:\/\/www2.uepg.br\/ppgel\/wp-json\/wp\/v2\/posts\/5040\/revisions"}],"predecessor-version":[{"id":5051,"href":"https:\/\/www2.uepg.br\/ppgel\/wp-json\/wp\/v2\/posts\/5040\/revisions\/5051"}],"wp:featuredmedia":[{"embeddable":true,"href":"https:\/\/www2.uepg.br\/ppgel\/wp-json\/wp\/v2\/media\/5042"}],"wp:attachment":[{"href":"https:\/\/www2.uepg.br\/ppgel\/wp-json\/wp\/v2\/media?parent=5040"}],"wp:term":[{"taxonomy":"category","embeddable":true,"href":"https:\/\/www2.uepg.br\/ppgel\/wp-json\/wp\/v2\/categories?post=5040"},{"taxonomy":"post_tag","embeddable":true,"href":"https:\/\/www2.uepg.br\/ppgel\/wp-json\/wp\/v2\/tags?post=5040"}],"curies":[{"name":"wp","href":"https:\/\/api.w.org\/{rel}","templated":true}]}}