{"id":5395,"date":"2026-09-01T20:08:34","date_gmt":"2026-09-01T23:08:34","guid":{"rendered":"https:\/\/www2.uepg.br\/ppgel\/?p=5395"},"modified":"2026-09-04T10:21:50","modified_gmt":"2026-09-04T13:21:50","slug":"ii-enpe-encontro-de-pesquisadores-egressos-divulga-programacao","status":"publish","type":"post","link":"https:\/\/www2.uepg.br\/ppgel\/ii-enpe-encontro-de-pesquisadores-egressos-divulga-programacao\/","title":{"rendered":"II ENPE \u2013 Encontro de Pesquisadores Egressos divulga programa\u00e7\u00e3o"},"content":{"rendered":"<p>O Programa de P\u00f3s-Gradua\u00e7\u00e3o em Estudos da Linguagem (PPGEL) da Universidade Estadual de Ponta Grossa (UEPG) divulga a programa\u00e7\u00e3o do II ENPE \u2013 Encontro de Pesquisadores Egressos, que ser\u00e1 realizado nos dias 23 e 24 de setembro de 2026.<\/p>\n<p>Em sua segunda edi\u00e7\u00e3o, o encontro re\u00fane pesquisadoras e pesquisadores egressos do PPGEL e de outros Programas de P\u00f3s-Gradua\u00e7\u00e3o em Letras e Lingu\u00edstica, promovendo um espa\u00e7o de di\u00e1logo, compartilhamento de pesquisas e interc\u00e2mbio acad\u00eamico.<\/p>\n<p>Ao longo dos dois dias, a programa\u00e7\u00e3o contar\u00e1 com mesas-redondas, apresenta\u00e7\u00f5es de trabalhos, debates e mesas de abertura e encerramento, contemplando diferentes temas e abordagens das \u00e1reas de L\u00ednguas, Lingu\u00edstica e Literaturas.<\/p>\n<p>As atividades ser\u00e3o realizadas nos per\u00edodos da manh\u00e3, tarde e noite, com apresenta\u00e7\u00f5es presenciais e remotas. A programa\u00e7\u00e3o contempla trabalhos desenvolvidos por pesquisadoras e pesquisadores vinculados a diferentes institui\u00e7\u00f5es e trajet\u00f3rias acad\u00eamicas.<\/p>\n<p>Confira a programa\u00e7\u00e3o completa do II ENPE, com os hor\u00e1rios, salas, participantes e t\u00edtulos dos trabalhos:<\/p>\n<p><a href=\"http:\/\/www2.uepg.br\/ppgel\/wp-content\/uploads\/sites\/68\/2026\/09\/PROGRAMACAO-EnPE-2026-1.pdf\">PROGRAMA\u00c7\u00c3O EnPE 2026 <\/a><\/p>\n","protected":false},"excerpt":{"rendered":"<p>O Programa de P\u00f3s-Gradua\u00e7\u00e3o em Estudos da Linguagem (PPGEL) da Universidade Estadual de Ponta Grossa (UEPG) divulga a programa\u00e7\u00e3o do II ENPE \u2013 Encontro de Pesquisadores Egressos, que ser\u00e1 realizado nos dias 23 e 24 de setembro de 2026. Em sua segunda edi\u00e7\u00e3o, o encontro re\u00fane pesquisadoras e pesquisadores egressos do PPGEL e de outros&nbsp;&hellip;<\/p>\n","protected":false},"author":1005,"featured_media":0,"comment_status":"closed","ping_status":"open","sticky":false,"template":"","format":"standard","meta":[],"categories":[17],"tags":[],"_links":{"self":[{"href":"https:\/\/www2.uepg.br\/ppgel\/wp-json\/wp\/v2\/posts\/5395"}],"collection":[{"href":"https:\/\/www2.uepg.br\/ppgel\/wp-json\/wp\/v2\/posts"}],"about":[{"href":"https:\/\/www2.uepg.br\/ppgel\/wp-json\/wp\/v2\/types\/post"}],"author":[{"embeddable":true,"href":"https:\/\/www2.uepg.br\/ppgel\/wp-json\/wp\/v2\/users\/1005"}],"replies":[{"embeddable":true,"href":"https:\/\/www2.uepg.br\/ppgel\/wp-json\/wp\/v2\/comments?post=5395"}],"version-history":[{"count":4,"href":"https:\/\/www2.uepg.br\/ppgel\/wp-json\/wp\/v2\/posts\/5395\/revisions"}],"predecessor-version":[{"id":5402,"href":"https:\/\/www2.uepg.br\/ppgel\/wp-json\/wp\/v2\/posts\/5395\/revisions\/5402"}],"wp:attachment":[{"href":"https:\/\/www2.uepg.br\/ppgel\/wp-json\/wp\/v2\/media?parent=5395"}],"wp:term":[{"taxonomy":"category","embeddable":true,"href":"https:\/\/www2.uepg.br\/ppgel\/wp-json\/wp\/v2\/categories?post=5395"},{"taxonomy":"post_tag","embeddable":true,"href":"https:\/\/www2.uepg.br\/ppgel\/wp-json\/wp\/v2\/tags?post=5395"}],"curies":[{"name":"wp","href":"https:\/\/api.w.org\/{rel}","templated":true}]}}