{"id":1034,"date":"2021-11-22T09:42:03","date_gmt":"2021-11-22T12:42:03","guid":{"rendered":"https:\/\/www2.uepg.br\/ppgodonto\/?p=1034"},"modified":"2021-12-15T10:48:03","modified_gmt":"2021-12-15T13:48:03","slug":"qualificacoes-de-mestrado-2021","status":"publish","type":"post","link":"https:\/\/www2.uepg.br\/ppgodonto\/qualificacoes-de-mestrado-2021\/","title":{"rendered":"Qualifica\u00e7\u00f5es de Mestrado 2021"},"content":{"rendered":"<table width=\"1035\">\n<tbody>\n<tr>\n<td style=\"text-align: center\" colspan=\"5\" width=\"1035\"><strong>Qualifica\u00e7\u00f5es de Mestrado 2021<\/strong><\/td>\n<\/tr>\n<tr>\n<td style=\"text-align: center\" width=\"189\"><strong>Discente<\/strong><\/td>\n<td style=\"text-align: center\"><strong>Data<\/strong><\/td>\n<td style=\"text-align: center\"><strong>Hor\u00e1rio<\/strong><\/td>\n<td style=\"text-align: center\"><strong>T\u00edtulo<\/strong><\/td>\n<td style=\"text-align: center\"><strong>Link para apresenta\u00e7\u00e3o<\/strong><\/td>\n<\/tr>\n<tr>\n<td width=\"189\">Michael Willian Favoreto<\/td>\n<td>26\/nov<\/td>\n<td>9h<\/td>\n<td width=\"394\">Uso de agentes dessensibilizantes bioativos contendo c\u00e1lcio no clareamento dental: uma revis\u00e3o sistem\u00e1tica e metaan\u00e1lise<\/td>\n<td><a href=\"https:\/\/meet.google.com\/upr-gjst-nka\">https:\/\/meet.google.com\/upr-gjst-nka<\/a><\/td>\n<\/tr>\n<tr>\n<td width=\"189\">Heloisa Forville de Andrade<\/td>\n<td>26\/nov<\/td>\n<td>10h<\/td>\n<td width=\"394\">Efic\u00e1cia de uma t\u00e9cnica clareadora caseira utilizando agente clareador pela face vestibular e palatina \u2013 Ensaio Cl\u00ednico randomizado de boca dividida e cego<\/td>\n<td><a href=\"https:\/\/meet.google.com\/trf-ozzo-ivu\">https:\/\/meet.google.com\/trf-ozzo-ivu<\/a><\/td>\n<\/tr>\n<tr>\n<td width=\"189\">Michel Wendlinger Cantanhede Ferreira<\/td>\n<td>01\/dez<\/td>\n<td>8h e 30min<\/td>\n<td width=\"394\">Influ\u00eancia do mon\u00f4mero 2-hidroxoetilmetacrilato em sistemas adesivos universais contendo 10-mdp nas propriedades adesivas a longo prazo<\/td>\n<td><a href=\"https:\/\/meet.google.com\/irn-sywz-quh\">https:\/\/meet.google.com\/irn-sywz-quh<\/a><\/td>\n<\/tr>\n<tr>\n<td width=\"189\">Taynara de Souza Carneiro<\/td>\n<td>01\/dez<\/td>\n<td>10h e 15min<\/td>\n<td width=\"394\">Avalia\u00e7\u00e3o da irrita\u00e7\u00e3o gengival em pacientes submetidos ao clareamento caseiro com diferentes recortes da moldeira individualizada: ensaio cl\u00ednico randomizado cego<\/td>\n<td><a href=\"https:\/\/meet.google.com\/irn-sywz-quh\">https:\/\/meet.google.com\/irn-sywz-quh<\/a><\/td>\n<\/tr>\n<tr>\n<td width=\"189\">Tayara Sydoski<\/td>\n<td>08\/dez<\/td>\n<td>14h<\/td>\n<td width=\"394\">Influ\u00eancia dos diferentes padr\u00f5es de umidade dentin\u00e1ria na utiliza\u00e7\u00e3o de adesivos universais em dentina coron\u00e1ria<\/td>\n<td><a href=\"https:\/\/meet.google.com\/skk-biyy-vfm?hs=224\">https:\/\/meet.google.com\/skk-biyy-vfm?hs=224<\/a><\/td>\n<\/tr>\n<tr>\n<td width=\"189\">Romina Andrea \u00d1aupari Villasante<\/td>\n<td>08\/dez<\/td>\n<td>14h<\/td>\n<td width=\"394\">Durabilidade da interface de uni\u00e3o entre adesivo e dentina: efeito da adi\u00e7\u00e3o de nanopart\u00edculas de cobre<\/td>\n<td><a href=\"https:\/\/meet.google.com\/irn-sywz-quh\">https:\/\/meet.google.com\/irn-sywz-quh<\/a><\/td>\n<\/tr>\n<tr>\n<td width=\"189\">Fabio Brasil de Oliveira<\/td>\n<td>14\/dez<\/td>\n<td>13h e 30min<\/td>\n<td width=\"394\">Preval\u00eancia de calcifica\u00e7\u00f5es em tecidos moles da regi\u00e3o bucomaxilofacial presentes em tomografias computadorizadas de feixe c\u00f4nico<\/td>\n<td><a href=\"https:\/\/meet.google.com\/qhe-yrzu-ovn\">https:\/\/meet.google.com\/qhe-yrzu-ovn<\/a><\/td>\n<\/tr>\n<tr>\n<td width=\"189\">Larissa Yumi Ito<\/td>\n<td>14\/dez<\/td>\n<td>14h<\/td>\n<td width=\"394\">Conhecimento, experi\u00eancia e percep\u00e7\u00e3o dos cirurgi\u00f5es-dentistas brasileiros sobre selamento de f\u00f3ssulas e fissuras de molares permanentes: estudo transversal de base populacional<\/td>\n<td><a href=\"https:\/\/meet.google.com\/efy-txyv-pia\">https:\/\/meet.google.com\/efy-txyv-pia<\/a><\/td>\n<\/tr>\n<tr>\n<td width=\"189\">Poliana Alexandra Martinello<\/td>\n<td>15\/dez<\/td>\n<td>8h e 30min<\/td>\n<td width=\"394\">Avalia\u00e7\u00e3o das distribui\u00e7\u00f5es de tens\u00f5es geradas por for\u00e7as oclusais em implantes, abutments de base de tit\u00e2nio e no tecido \u00f3sseo, sob carga oclusal imediata e precoce<\/td>\n<td><\/td>\n<\/tr>\n<tr>\n<td width=\"189\">Jorge Modesto Dom\u00ednguez B\u00e1ez<\/td>\n<td>15\/dez<\/td>\n<td>8h e 30min<\/td>\n<td>Uma nova t\u00e9cnica para preparo de laminados cer\u00e2micos<\/td>\n<td><a href=\"https:\/\/meet.google.com\/gwy-ahct-izi\">https:\/\/meet.google.com\/gwy-ahct-izi<\/a><\/td>\n<\/tr>\n<tr>\n<td width=\"189\">Marceli Dias Ferreira<\/td>\n<td>15\/dez<\/td>\n<td>9h<\/td>\n<td width=\"394\">Manifesta\u00e7\u00f5es bucais de pacientes hospitalizados com COVID-19<\/td>\n<td><a href=\"https:\/\/meet.google.com\/dhh-cgcn-yds\">https:\/\/meet.google.com\/dhh-cgcn-yds<\/a><\/td>\n<\/tr>\n<tr>\n<td width=\"189\">Elis Carolina Pacheco<\/td>\n<td>15\/dez<\/td>\n<td>9h<\/td>\n<td width=\"394\">Estresse ocupacional entre cirurgi\u00f5es-dentistas do setor privado no Paran\u00e1 durante a pandemia da COVID-19: an\u00e1lise quali-quantitativa<\/td>\n<td><a href=\"https:\/\/meet.google.com\/rny-ntcr-yuk\">https:\/\/meet.google.com\/rny-ntcr-yuk\u00a0<\/a><\/td>\n<\/tr>\n<tr>\n<td width=\"189\">Nayara Cristina da Luz<\/td>\n<td>15\/dez<\/td>\n<td>9h e 30min<\/td>\n<td width=\"394\">O uso pr\u00e9vio de diamino fluoreto de prata para controle de les\u00f5es de c\u00e1rie em dentes dec\u00edduos tem influ\u00eancia nas propriedades da interface adesiva de restaura\u00e7\u00f5es em resina composta?<\/td>\n<td><a href=\"https:\/\/meet.google.com\/tia-avrd-myb\">https:\/\/meet.google.com\/tia-avrd-myb<\/a><\/td>\n<\/tr>\n<tr>\n<td width=\"189\">La\u00eds Giacomini Bernardi<\/td>\n<td>15\/dez<\/td>\n<td>10h<\/td>\n<td width=\"394\">Avalia\u00e7\u00e3o de diferentes tratamentos de superf\u00edcie na resist\u00eancia adesiva de cer\u00e2micas h\u00edbridas<\/td>\n<td><a href=\"https:\/\/meet.google.com\/fhi-edcs-pdm\">https:\/\/<\/a><a href=\"https:\/\/meet.google.com\/whj-hfpp-tqu?hs=224\" target=\"_blank\" rel=\"noopener\" data-saferedirecturl=\"https:\/\/www.google.com\/url?q=https:\/\/meet.google.com\/whj-hfpp-tqu?hs%3D224&amp;source=gmail&amp;ust=1639662269359000&amp;usg=AOvVaw3TRbPsEh9M_K9ubmrROVu0\">meet.google.com\/whj-hfpp-tqu<\/a><\/td>\n<\/tr>\n<tr>\n<td width=\"189\">Let\u00edcia Simeoni Avais<\/td>\n<td>15\/dez<\/td>\n<td>14h<\/td>\n<td width=\"394\">Estresse Ocupacional entre profissionais da Sa\u00fade Bucal da Aten\u00e7\u00e3o Primaria em Sa\u00fade do Paran\u00e1 durante a pandemia da COVID-19: An\u00e1lise Quali-quantitativa<\/td>\n<td><a href=\"https:\/\/meet.google.com\/fhi-edcs-pdm\">https:\/\/meet.google.com\/fhi-edcs-pdm\u00a0<\/a><\/td>\n<\/tr>\n<tr>\n<td width=\"189\">Lucas Vin\u00edcius Taques<\/td>\n<td>15\/dez<\/td>\n<td>14h<\/td>\n<td width=\"394\">Avalia\u00e7\u00e3o da resist\u00eancia de uni\u00e3o e resist\u00eancia \u00e0 fratura de dentes com canais radiculares alargados aplicando diferentes t\u00e9cnicas restauradoras<\/td>\n<td><a href=\"https:\/\/meet.google.com\/uwd-wvzz-dwg\">https:\/\/meet.google.com\/uwd-wvzz-dwg<\/a><\/td>\n<\/tr>\n<tr>\n<td width=\"189\">Juliana Anany Gonzales Guarneri<\/td>\n<td>15\/dez<\/td>\n<td>15h e 30min<\/td>\n<td width=\"394\">Avalia\u00e7\u00e3o da altera\u00e7\u00e3o da temperatura pulpar in vitro em dente restaurado com resinas bulk-fill utilizando diferentes estrat\u00e9gias de fotoativa\u00e7\u00e3o<\/td>\n<td><a href=\"https:\/\/meet.google.com\/fwh-ansx-nog\">https:\/\/meet.google.com\/fwh-ansx-nog<\/a><\/td>\n<\/tr>\n<tr>\n<td width=\"189\"><\/td>\n<td><\/td>\n<td><\/td>\n<td width=\"394\"><\/td>\n<td><\/td>\n<\/tr>\n<tr>\n<td width=\"189\">Cristi\u00e1n Alfonso Y\u00e1\u00f1ez Luengo<\/td>\n<td>16\/dez<\/td>\n<td>18h e 30min<\/td>\n<td width=\"394\">Efeito da incorpora\u00e7\u00e3o do polihexametileno biguanida em um sistema adesivo universal, nas propriedades antimicrobianas, mec\u00e2nicas e adesivas \u00e0 dentina h\u00edgida<\/td>\n<td><\/td>\n<\/tr>\n<tr>\n<td style=\"text-align: center\" width=\"189\"><\/td>\n<td style=\"text-align: center\"><\/td>\n<td style=\"text-align: center\"><\/td>\n<td style=\"text-align: center\" width=\"394\"><\/td>\n<td style=\"text-align: center\"><\/td>\n<\/tr>\n<\/tbody>\n<\/table>\n","protected":false},"excerpt":{"rendered":"<p>Qualifica\u00e7\u00f5es de Mestrado 2021 Discente Data Hor\u00e1rio T\u00edtulo Link para apresenta\u00e7\u00e3o Michael Willian Favoreto 26\/nov 9h Uso de agentes dessensibilizantes bioativos contendo c\u00e1lcio no clareamento dental: uma revis\u00e3o sistem\u00e1tica e metaan\u00e1lise https:\/\/meet.google.com\/upr-gjst-nka Heloisa Forville de Andrade 26\/nov 10h Efic\u00e1cia de uma t\u00e9cnica clareadora caseira utilizando agente clareador pela face vestibular e palatina \u2013 Ensaio Cl\u00ednico&nbsp;&hellip;<\/p>\n","protected":false},"author":141,"featured_media":0,"comment_status":"closed","ping_status":"open","sticky":false,"template":"","format":"standard","meta":[],"categories":[2],"tags":[],"_links":{"self":[{"href":"https:\/\/www2.uepg.br\/ppgodonto\/wp-json\/wp\/v2\/posts\/1034"}],"collection":[{"href":"https:\/\/www2.uepg.br\/ppgodonto\/wp-json\/wp\/v2\/posts"}],"about":[{"href":"https:\/\/www2.uepg.br\/ppgodonto\/wp-json\/wp\/v2\/types\/post"}],"author":[{"embeddable":true,"href":"https:\/\/www2.uepg.br\/ppgodonto\/wp-json\/wp\/v2\/users\/141"}],"replies":[{"embeddable":true,"href":"https:\/\/www2.uepg.br\/ppgodonto\/wp-json\/wp\/v2\/comments?post=1034"}],"version-history":[{"count":12,"href":"https:\/\/www2.uepg.br\/ppgodonto\/wp-json\/wp\/v2\/posts\/1034\/revisions"}],"predecessor-version":[{"id":1081,"href":"https:\/\/www2.uepg.br\/ppgodonto\/wp-json\/wp\/v2\/posts\/1034\/revisions\/1081"}],"wp:attachment":[{"href":"https:\/\/www2.uepg.br\/ppgodonto\/wp-json\/wp\/v2\/media?parent=1034"}],"wp:term":[{"taxonomy":"category","embeddable":true,"href":"https:\/\/www2.uepg.br\/ppgodonto\/wp-json\/wp\/v2\/categories?post=1034"},{"taxonomy":"post_tag","embeddable":true,"href":"https:\/\/www2.uepg.br\/ppgodonto\/wp-json\/wp\/v2\/tags?post=1034"}],"curies":[{"name":"wp","href":"https:\/\/api.w.org\/{rel}","templated":true}]}}