{"id":1038,"date":"2021-11-22T10:02:29","date_gmt":"2021-11-22T13:02:29","guid":{"rendered":"https:\/\/www2.uepg.br\/ppgodonto\/?p=1038"},"modified":"2021-12-15T11:03:05","modified_gmt":"2021-12-15T14:03:05","slug":"qualificacoes-de-doutorado-2021","status":"publish","type":"post","link":"https:\/\/www2.uepg.br\/ppgodonto\/qualificacoes-de-doutorado-2021\/","title":{"rendered":"Qualifica\u00e7\u00f5es de Doutorado 2021"},"content":{"rendered":"<table width=\"1058\">\n<tbody>\n<tr>\n<td style=\"text-align: center\" colspan=\"5\" width=\"1058\"><strong>Qualifica\u00e7\u00f5es de Doutorado 2021<\/strong><\/td>\n<\/tr>\n<tr>\n<td style=\"text-align: center\"><strong>Discente<\/strong><\/td>\n<td style=\"text-align: center\"><strong>Data<\/strong><\/td>\n<td style=\"text-align: center\"><strong>Hor\u00e1rio<\/strong><\/td>\n<td style=\"text-align: center\"><strong>T\u00edtulo<\/strong><\/td>\n<td style=\"text-align: center\"><strong>Link para apresenta\u00e7\u00e3o<\/strong><\/td>\n<\/tr>\n<tr>\n<td width=\"212\">Ta\u00edse Alessandra Hanzen<\/td>\n<td>01\/dez<\/td>\n<td>14h<\/td>\n<td width=\"394\">Influ\u00eancia de um agente dessensibilizante \u00e0 base de glutaralde\u00eddo na sensibilidade p\u00f3s-operat\u00f3ria em restaura\u00e7\u00f5es posteriores: um ensaio cl\u00ednico randomizado<\/td>\n<td width=\"303\"><a href=\"https:\/\/meet.google.com\/ant-fwha-jyb\">https:\/\/meet.google.com\/ant-fwha-jyb<\/a><\/td>\n<\/tr>\n<tr>\n<td>Alexandra Mara de Paula<\/td>\n<td>08\/dez<\/td>\n<td>8h e 30min<\/td>\n<td width=\"394\">Avalia\u00e7\u00e3o cl\u00ednica de diferentes protocolos de aplica\u00e7\u00e3o do per\u00f3xido hidrog\u00eanio 4% no clareamento dental caseiro<\/td>\n<td><a href=\"https:\/\/meet.google.com\/xgr-wkkc-xfy\">https:\/\/meet.google.com\/xgr-wkkc-xfy<\/a><\/td>\n<\/tr>\n<tr>\n<td>La\u00edna Vochikovski<\/td>\n<td>08\/dez<\/td>\n<td>10h e 30min<\/td>\n<td width=\"394\">Alternativas para reduzir a sensibilidade dental no clareamento dental em consult\u00f3rio<\/td>\n<td><a href=\"https:\/\/meet.google.com\/ain-udsg-wdd\">https:\/\/meet.google.com\/ain-udsg-wdd<\/a><\/td>\n<\/tr>\n<tr>\n<td>Renata Terumi Jitumori<\/td>\n<td>09\/dez<\/td>\n<td>14h<\/td>\n<td width=\"394\">Influ\u00eancia da umidade dentin\u00e1ria na cimenta\u00e7\u00e3o de pinos de fibra de vidro com diferentes estrat\u00e9gias adesivas<\/td>\n<td><a href=\"https:\/\/meet.google.com\/wtn-wvey-ker\">https:\/\/meet.google.com\/wtn-wvey-ker<\/a><\/td>\n<\/tr>\n<tr>\n<td>Bruna Hilgemberg<\/td>\n<td>10\/dez<\/td>\n<td>14h<\/td>\n<td width=\"394\">An\u00e1lise das propriedades mec\u00e2nicas da interface de uni\u00e3o e resist\u00eancia de uni\u00e3o de adesivos contendo flavonoides<\/td>\n<td><a href=\"https:\/\/meet.google.com\/dhf-fdop-oxn\">https:\/\/meet.google.com\/dhf-fdop-oxn<\/a><\/td>\n<\/tr>\n<tr>\n<td>Manoella Maria Machado Costa<\/td>\n<td>10\/dez<\/td>\n<td>14h<\/td>\n<td width=\"394\">Precis\u00e3o do escaneamento digital intraoral em dentes preparados, moldes e modelos de gesso em substitui\u00e7\u00e3o aos materiais de moldagem elastom\u00e9ricos<\/td>\n<td><a href=\"https:\/\/meet.google.com\/yzq-xkdx-wre\">https:\/\/meet.google.com\/yzq-xkdx-wre<\/a><\/td>\n<\/tr>\n<tr>\n<td>Fabiana Ribeiro Marques<\/td>\n<td>13\/dez<\/td>\n<td>10h<\/td>\n<td width=\"394\">Uso de servi\u00e7o odontol\u00f3gico por adultos em situa\u00e7\u00e3o de rua: uma revis\u00e3o sistem\u00e1tica<\/td>\n<td><a href=\"https:\/\/meet.google.com\/pqa-nexb-cbs\">https:\/\/meet.google.com\/pqa-nexb-cbs<\/a><\/td>\n<\/tr>\n<tr>\n<td>Gustavo Sim\u00e3o Moraes<\/td>\n<td>13\/dez<\/td>\n<td>13h e 30min<\/td>\n<td width=\"394\">Desenvolvimento e avalia\u00e7\u00e3o de terapias alternativas para doen\u00e7as bucais com \u00eanfase no tratamento para estomatite prot\u00e9tica: revis\u00f5es de literatura, estudos in vitro e em animais<\/td>\n<td><a href=\"https:\/\/meet.google.com\/prq-wmgr-tpq\">https:\/\/meet.google.com\/prq-wmgr-tpq<\/a><\/td>\n<\/tr>\n<tr>\n<td>Leomar Emanuel Almeida Mecca<\/td>\n<td>14\/dez<\/td>\n<td>16h e 30min<\/td>\n<td width=\"394\">Avalia\u00e7\u00e3o do reparo tecidual \u00f3sseo frente a diferentes estrat\u00e9gia de osteoindu\u00e7\u00e3o<\/td>\n<td><a href=\"https:\/\/meet.google.com\/ocu-brxd-eos\">https:\/\/meet.google.com\/ocu-brxd-eos<\/a><\/td>\n<\/tr>\n<tr>\n<td>Juliana Squizatto Leite<\/td>\n<td>15\/dez<\/td>\n<td>14h<\/td>\n<td>Efic\u00e1cia da T\u00e9cnica de Clareamento Com LED Violeta<\/td>\n<td><a href=\"https:\/\/meet.google.com\/zob-sfrh-atp?hs=224\">https:\/\/meet.google.com\/zob-sfrh-atp?hs=224<\/a><\/td>\n<\/tr>\n<tr>\n<td>Mayara Vitorino Gevert<\/td>\n<td>16\/dez<\/td>\n<td>08h e 30min<\/td>\n<td width=\"394\">Hipomineraliza\u00e7\u00e3o Molar-Incisivo: consequ\u00eancias cl\u00ednicas e estrat\u00e9gias de tratamento<\/td>\n<td><a href=\"https:\/\/meet.google.com\/atn-saxn-xmx\">https:\/\/meet.google.com\/atn-saxn-xmx<\/a><\/td>\n<\/tr>\n<tr>\n<td>Murilo Martins Borges<\/td>\n<td>16\/dez<\/td>\n<td>14h<\/td>\n<td width=\"394\">Influ\u00eancia do protocolo de irriga\u00e7\u00e3o endod\u00f4ntica (final) e do cimento endod\u00f4ntico na ades\u00e3o de pinos de fibra de vidro ao canal radicular<\/td>\n<td><a href=\"https:\/\/meet.google.com\/atn-saxn-xmx\">https:\/\/meet.google.com\/atn-saxn-xmx<\/a><\/td>\n<\/tr>\n<tr>\n<td>Ana Cl\u00e1udia Dalmolin<\/td>\n<td>17\/dez<\/td>\n<td>8h<\/td>\n<td width=\"394\">Hipersensibilidade Dentin\u00e1ria Cervical: estudo de preval\u00eancia e avalia\u00e7\u00e3o in vitro de produtos experimentais<\/td>\n<td><a href=\"https:\/\/meet.google.com\/vdi-hiae-zvx\">https:\/\/meet.google.com\/vdi-hiae-zvx<\/a><\/td>\n<\/tr>\n<tr>\n<td>\u00a0Daniela Huller<\/td>\n<td>17\/dez<\/td>\n<td>10h<\/td>\n<td width=\"394\">Manejo farmacol\u00f3gico da dor no tratamento periodontal: revis\u00f5es sistem\u00e1ticas e metan\u00e1lises<\/td>\n<td><a href=\"https:\/\/meet.google.com\/enr-mxjs-tfk\">https:\/\/meet.google.com\/enr-mxjs-tfk<\/a><\/td>\n<\/tr>\n<tr>\n<td style=\"text-align: center\">Josiane Loch Ribeiro<\/td>\n<td style=\"text-align: center\">17\/dez<\/td>\n<td style=\"text-align: center\">14h<\/td>\n<td style=\"text-align: center\" width=\"394\">Nistatina: sua efic\u00e1cia no tratamento da estomatite prot\u00e9tica e seu potencial com sistema de libera\u00e7\u00e3o controlada<\/td>\n<td style=\"text-align: center\"><a href=\"https:\/\/meet.google.com\/vck-aoce-mdi\">https:\/\/meet.google.com\/vck-aoce-mdi<\/a><\/td>\n<\/tr>\n<\/tbody>\n<\/table>\n","protected":false},"excerpt":{"rendered":"<p>Qualifica\u00e7\u00f5es de Doutorado 2021 Discente Data Hor\u00e1rio T\u00edtulo Link para apresenta\u00e7\u00e3o Ta\u00edse Alessandra Hanzen 01\/dez 14h Influ\u00eancia de um agente dessensibilizante \u00e0 base de glutaralde\u00eddo na sensibilidade p\u00f3s-operat\u00f3ria em restaura\u00e7\u00f5es posteriores: um ensaio cl\u00ednico randomizado https:\/\/meet.google.com\/ant-fwha-jyb Alexandra Mara de Paula 08\/dez 8h e 30min Avalia\u00e7\u00e3o cl\u00ednica de diferentes protocolos de aplica\u00e7\u00e3o do per\u00f3xido hidrog\u00eanio 4%&nbsp;&hellip;<\/p>\n","protected":false},"author":141,"featured_media":0,"comment_status":"closed","ping_status":"open","sticky":false,"template":"","format":"standard","meta":[],"categories":[2],"tags":[],"_links":{"self":[{"href":"https:\/\/www2.uepg.br\/ppgodonto\/wp-json\/wp\/v2\/posts\/1038"}],"collection":[{"href":"https:\/\/www2.uepg.br\/ppgodonto\/wp-json\/wp\/v2\/posts"}],"about":[{"href":"https:\/\/www2.uepg.br\/ppgodonto\/wp-json\/wp\/v2\/types\/post"}],"author":[{"embeddable":true,"href":"https:\/\/www2.uepg.br\/ppgodonto\/wp-json\/wp\/v2\/users\/141"}],"replies":[{"embeddable":true,"href":"https:\/\/www2.uepg.br\/ppgodonto\/wp-json\/wp\/v2\/comments?post=1038"}],"version-history":[{"count":11,"href":"https:\/\/www2.uepg.br\/ppgodonto\/wp-json\/wp\/v2\/posts\/1038\/revisions"}],"predecessor-version":[{"id":1084,"href":"https:\/\/www2.uepg.br\/ppgodonto\/wp-json\/wp\/v2\/posts\/1038\/revisions\/1084"}],"wp:attachment":[{"href":"https:\/\/www2.uepg.br\/ppgodonto\/wp-json\/wp\/v2\/media?parent=1038"}],"wp:term":[{"taxonomy":"category","embeddable":true,"href":"https:\/\/www2.uepg.br\/ppgodonto\/wp-json\/wp\/v2\/categories?post=1038"},{"taxonomy":"post_tag","embeddable":true,"href":"https:\/\/www2.uepg.br\/ppgodonto\/wp-json\/wp\/v2\/tags?post=1038"}],"curies":[{"name":"wp","href":"https:\/\/api.w.org\/{rel}","templated":true}]}}