{"id":1018,"date":"2020-04-13T09:40:16","date_gmt":"2020-04-13T12:40:16","guid":{"rendered":"http:\/\/www2.uepg.br\/prae\/?p=1018"},"modified":"2020-04-13T20:36:49","modified_gmt":"2020-04-13T23:36:49","slug":"prae-publica-editais-de-resultado-das-isencoes-para-o-vestibular-da-uepg-1a-etapa","status":"publish","type":"post","link":"https:\/\/www2.uepg.br\/prae\/prae-publica-editais-de-resultado-das-isencoes-para-o-vestibular-da-uepg-1a-etapa\/","title":{"rendered":"PRAE publica Editais de Resultado das Isen\u00e7\u00f5es para o Vestibular da UEPG &#8211; 1\u00aa etapa, para SERVIDORES E SEUS DEPENDENTES E COMUNIDADE"},"content":{"rendered":"<p>A Pr\u00f3-reitoria de Assuntos Estudantis &#8211; PRAE publica nesta data os editais de resultado das isen\u00e7\u00f5es de taxa de inscri\u00e7\u00e3o para o Vestibular da UEPG &#8211; 1\u00aa Etapa, tanto para os servidores e dependentes como para a comunidade.<\/p>\n<p>Devido ao contexto da COVID-19, ainda n\u00e3o h\u00e1 data prevista para a realiza\u00e7\u00e3o do vestibular.<\/p>\n<p>Fiquem atentos \u00e0s p\u00e1ginas oficiais de UEPG e redes sociais da institui\u00e7\u00e3o para obter maiores informa\u00e7\u00f5es sobre o retorno das atividades acad\u00eamicas e demais a\u00e7\u00f5es e servi\u00e7os!<\/p>\n<p>Para acessar os editais na p\u00e1gina da PRAE, acesse o seguinte link: https:\/\/www2.uepg.br\/prae\/editais\/<\/p>\n<p>&nbsp;<\/p>\n","protected":false},"excerpt":{"rendered":"<p>A Pr\u00f3-reitoria de Assuntos Estudantis &#8211; PRAE publica nesta data os editais de resultado das isen\u00e7\u00f5es de taxa de inscri\u00e7\u00e3o para o Vestibular da UEPG &#8211; 1\u00aa Etapa, tanto para os servidores e dependentes como para a comunidade. Devido ao contexto da COVID-19, ainda n\u00e3o h\u00e1 data prevista para a realiza\u00e7\u00e3o do vestibular. Fiquem atentos&nbsp;&hellip;<\/p>\n","protected":false},"author":128,"featured_media":722,"comment_status":"open","ping_status":"open","sticky":false,"template":"","format":"standard","meta":[],"categories":[5],"tags":[],"_links":{"self":[{"href":"https:\/\/www2.uepg.br\/prae\/wp-json\/wp\/v2\/posts\/1018"}],"collection":[{"href":"https:\/\/www2.uepg.br\/prae\/wp-json\/wp\/v2\/posts"}],"about":[{"href":"https:\/\/www2.uepg.br\/prae\/wp-json\/wp\/v2\/types\/post"}],"author":[{"embeddable":true,"href":"https:\/\/www2.uepg.br\/prae\/wp-json\/wp\/v2\/users\/128"}],"replies":[{"embeddable":true,"href":"https:\/\/www2.uepg.br\/prae\/wp-json\/wp\/v2\/comments?post=1018"}],"version-history":[{"count":9,"href":"https:\/\/www2.uepg.br\/prae\/wp-json\/wp\/v2\/posts\/1018\/revisions"}],"predecessor-version":[{"id":1037,"href":"https:\/\/www2.uepg.br\/prae\/wp-json\/wp\/v2\/posts\/1018\/revisions\/1037"}],"wp:featuredmedia":[{"embeddable":true,"href":"https:\/\/www2.uepg.br\/prae\/wp-json\/wp\/v2\/media\/722"}],"wp:attachment":[{"href":"https:\/\/www2.uepg.br\/prae\/wp-json\/wp\/v2\/media?parent=1018"}],"wp:term":[{"taxonomy":"category","embeddable":true,"href":"https:\/\/www2.uepg.br\/prae\/wp-json\/wp\/v2\/categories?post=1018"},{"taxonomy":"post_tag","embeddable":true,"href":"https:\/\/www2.uepg.br\/prae\/wp-json\/wp\/v2\/tags?post=1018"}],"curies":[{"name":"wp","href":"https:\/\/api.w.org\/{rel}","templated":true}]}}