{"id":1033,"date":"2020-04-13T15:31:05","date_gmt":"2020-04-13T18:31:05","guid":{"rendered":"http:\/\/www2.uepg.br\/prae\/?p=1033"},"modified":"2020-04-13T15:31:25","modified_gmt":"2020-04-13T18:31:25","slug":"acoes-da-prae-no-contexto-da-covid-19-junto-dos-estudantes-indigenas-da-uepg","status":"publish","type":"post","link":"https:\/\/www2.uepg.br\/prae\/acoes-da-prae-no-contexto-da-covid-19-junto-dos-estudantes-indigenas-da-uepg\/","title":{"rendered":"A\u00c7\u00d5ES DA PRAE NO CONTEXTO DA COVID-19, JUNTO DOS ESTUDANTES IND\u00cdGENAS DA UEPG"},"content":{"rendered":"<p>Desde o contexto imediato ap\u00f3s a suspens\u00e3o do calend\u00e1rio\u00a0das atividades acad\u00eamicas da UEPG, a PRAE desenvolveu as seguintes a\u00e7\u00f5es de assist\u00eancia estudantil junto aos estudantes ind\u00edgenas da universidade:<\/p>\n<p>Atendimento coordenado e sistem\u00e1tico de todos os estudantes ind\u00edgenas da UEPG para verifica\u00e7\u00e3o da situa\u00e7\u00e3o pessoal e social de cada um. Os povos ind\u00edgenas s\u00e3o popula\u00e7\u00f5es mais vulner\u00e1veis a COVID-19.\u00a0 Por isso, foram eles os primeiros estudantes da UEPG a receberem o atendimento emergencial da PRAE. A verifica\u00e7\u00e3o dos que desejavam retornar imediatamente \u00e0s suas terras ind\u00edgenas e que ainda se encontravam em Ponta Grossa, foi a primeira a\u00e7\u00e3o desenvolvida. Para este p\u00fablico, al\u00e9m do pagamento da bolsa aux\u00edlio mensal foi destinado aux\u00edlio emergencial para o pagamento de passagens rodovi\u00e1rias para a viabiliza\u00e7\u00e3o do transporte.<\/p>\n<p>Foi ainda ofertada alimenta\u00e7\u00e3o atrav\u00e9s de parceria com o Restaurante Universit\u00e1rio, atrav\u00e9s da concess\u00e3o de marmitas para o almo\u00e7o e jantar nesses primeiros dias at\u00e9 o retorno \u00e0s aldeias. Cabe ressaltar que na maioria os estudantes ind\u00edgenas fazem uso di\u00e1rio das refei\u00e7\u00f5es do RU durante o ano letivo e, portanto, neste contexto necessitavam de aten\u00e7\u00e3o especial para sua seguran\u00e7a alimentar. A parceria com o RU foi de suma import\u00e2ncia nesta a\u00e7\u00e3o emergencial.<\/p>\n<p>Aos que n\u00e3o dispunham de transporte rodovi\u00e1rio comercial para o retorno \u00e0s suas terras ind\u00edgenas, devido ao cancelamento do funcionamento das empresas de transporte na cidade, foi destinado transporte da UEPG para o deslocamento dos estudantes e de suas fam\u00edlias. Um estudante foi transportado at\u00e9 Santa Catarina e outros estudantes foram transportados at\u00e9 a Terra Ind\u00edgena Mangueirinha, no Paran\u00e1. A atua\u00e7\u00e3o conjunta com a PROAD e o pronto atendimento desta pr\u00f3-reitoria \u00e0s solicita\u00e7\u00f5es da PRAE foi crucial para a efetiva\u00e7\u00e3o deste trabalho.<\/p>\n<p>Outros estudantes ind\u00edgenas permaneceram domiciliados em Ponta Grossa. Para estes estudantes, aos que solicitaram, foi garantido o aux\u00edlio emergencial e ainda a possibilidade de manter a retirada das marmitas de almo\u00e7o e jantar na UEPG. Ap\u00f3s o fechamento do RU, o HU e a PRECAM tem sido nossos parceiros para a realiza\u00e7\u00e3o deste atendimento. As marmitas t\u00eam sido fornecidas pela HU e distribu\u00eddas, atrav\u00e9s da Central de Vigil\u00e2ncia da PRECAM aos estudantes que solicitam o atendimento.<\/p>\n<p>A PRAE, atrav\u00e9s da Diretoria de A\u00e7\u00f5es Afirmativas e Diversidade e em articula\u00e7\u00e3o com a Comiss\u00e3o Universidade para o \u00cdndio \u2013 CUIA UEPG realiza o acompanhamento dos estudantes ind\u00edgenas da UEPG. O acompanhamento \u00e9 constante. Todos os estudantes ind\u00edgenas s\u00e3o atendidos de forma regular pela Diretoria de A\u00e7\u00f5es Afirmativas e Diversidade, por meio \u00a0de seu grupo de apoio t\u00e9cnico.<\/p>\n<p>A UEPG possui atualmente matriculados estudantes ind\u00edgenas advindos das seguintes terras ind\u00edgenas: Mangueirinha, Apucaraninha, Queimadas, Kakane Por\u00e3, Ywy Pora, Abap\u00e3 Ipor\u00e3, Faxinal, Laranjinha e de Faxinal. S\u00e3o estudantes dos povos Kaingang, Guarani, Xokleng.<\/p>\n<p>O acompanhamento remoto dos estudantes ind\u00edgenas tem sido feito de forma permanente atrav\u00e9s de grupos de whatsapp. Os grupos servem para que os estudantes se mantenham conectados com a universidade e entre eles mesmos.<\/p>\n<p>A UEPG possui ainda representa\u00e7\u00e3o na CUIA Estadual na gest\u00e3o das pol\u00edticas de inclus\u00e3o para ind\u00edgenas nas Universidades P\u00fablicas Estadual do Paran\u00e1 e na Universidade Federal do Paran\u00e1.<\/p>\n<p>&nbsp;<\/p>\n<p>&nbsp;<\/p>\n<p>&nbsp;<\/p>\n","protected":false},"excerpt":{"rendered":"<p>Desde o contexto imediato ap\u00f3s a suspens\u00e3o do calend\u00e1rio\u00a0das atividades acad\u00eamicas da UEPG, a PRAE desenvolveu as seguintes a\u00e7\u00f5es de assist\u00eancia estudantil junto aos estudantes ind\u00edgenas da universidade: Atendimento coordenado e sistem\u00e1tico de todos os estudantes ind\u00edgenas da UEPG para verifica\u00e7\u00e3o da situa\u00e7\u00e3o pessoal e social de cada um. Os povos ind\u00edgenas s\u00e3o popula\u00e7\u00f5es mais&nbsp;&hellip;<\/p>\n","protected":false},"author":128,"featured_media":614,"comment_status":"open","ping_status":"open","sticky":false,"template":"","format":"standard","meta":[],"categories":[5],"tags":[],"_links":{"self":[{"href":"https:\/\/www2.uepg.br\/prae\/wp-json\/wp\/v2\/posts\/1033"}],"collection":[{"href":"https:\/\/www2.uepg.br\/prae\/wp-json\/wp\/v2\/posts"}],"about":[{"href":"https:\/\/www2.uepg.br\/prae\/wp-json\/wp\/v2\/types\/post"}],"author":[{"embeddable":true,"href":"https:\/\/www2.uepg.br\/prae\/wp-json\/wp\/v2\/users\/128"}],"replies":[{"embeddable":true,"href":"https:\/\/www2.uepg.br\/prae\/wp-json\/wp\/v2\/comments?post=1033"}],"version-history":[{"count":1,"href":"https:\/\/www2.uepg.br\/prae\/wp-json\/wp\/v2\/posts\/1033\/revisions"}],"predecessor-version":[{"id":1034,"href":"https:\/\/www2.uepg.br\/prae\/wp-json\/wp\/v2\/posts\/1033\/revisions\/1034"}],"wp:featuredmedia":[{"embeddable":true,"href":"https:\/\/www2.uepg.br\/prae\/wp-json\/wp\/v2\/media\/614"}],"wp:attachment":[{"href":"https:\/\/www2.uepg.br\/prae\/wp-json\/wp\/v2\/media?parent=1033"}],"wp:term":[{"taxonomy":"category","embeddable":true,"href":"https:\/\/www2.uepg.br\/prae\/wp-json\/wp\/v2\/categories?post=1033"},{"taxonomy":"post_tag","embeddable":true,"href":"https:\/\/www2.uepg.br\/prae\/wp-json\/wp\/v2\/tags?post=1033"}],"curies":[{"name":"wp","href":"https:\/\/api.w.org\/{rel}","templated":true}]}}