{"id":1039,"date":"2020-04-14T18:45:48","date_gmt":"2020-04-14T21:45:48","guid":{"rendered":"http:\/\/www2.uepg.br\/prae\/?p=1039"},"modified":"2020-04-14T18:54:21","modified_gmt":"2020-04-14T21:54:21","slug":"trabalho-de-seguranca-alimentar-e-desenvolvido-pela-prae-junto-dos-estudantes-da-uepg","status":"publish","type":"post","link":"https:\/\/www2.uepg.br\/prae\/trabalho-de-seguranca-alimentar-e-desenvolvido-pela-prae-junto-dos-estudantes-da-uepg\/","title":{"rendered":"TRABALHO DE SEGURAN\u00c7A ALIMENTAR \u00c9 REALIZADO PELA PRAE JUNTO DOS ESTUDANTES DA UEPG"},"content":{"rendered":"<p style=\"text-align: center\">Desde o in\u00edcio do per\u00edodo de isolamento social devido ao contexto da pandemia, a Pr\u00f3-reitoria de Assuntos Estudantis tem realizado atendimento de casos de estudantes em situa\u00e7\u00e3o de inseguran\u00e7a alimentar. A entrega de cestas b\u00e1sicas tem sido feita no domic\u00edlio da\/do estudante. A comunidade acad\u00eamica tem acessado as informa\u00e7\u00f5es do atendimento atrav\u00e9s de notas realizadas pela PRAE na sua p\u00e1gina na internet (<a href=\"https:\/\/www2.uepg.br\/prae\/\">https:\/\/www2.uepg.br\/prae\/<\/a>) e no seu perfil no facebook.<\/p>\n<p style=\"text-align: center\"><img loading=\"lazy\" class=\"alignnone size-medium wp-image-1041\" src=\"http:\/\/www2.uepg.br\/prae\/wp-content\/uploads\/sites\/18\/2020\/04\/cestas-b\u00e1sicas-300x146.png\" alt=\"\" width=\"300\" height=\"146\" srcset=\"https:\/\/www2.uepg.br\/prae\/wp-content\/uploads\/sites\/18\/2020\/04\/cestas-b\u00e1sicas-300x146.png 300w, https:\/\/www2.uepg.br\/prae\/wp-content\/uploads\/sites\/18\/2020\/04\/cestas-b\u00e1sicas.png 544w\" sizes=\"(max-width: 300px) 100vw, 300px\" \/><\/p>\n<p style=\"text-align: center\"><strong>Atua\u00e7\u00e3o articulada com os Coordenadores de Curso<\/strong><\/p>\n<p style=\"text-align: center\">Temos ainda recebido encaminhamentos dos coordenadores de curso de situa\u00e7\u00f5es de estudantes em situa\u00e7\u00e3o de inseguran\u00e7a alimentar.\u00a0 Esses encaminhamentos t\u00eam sido fundamentais, pois os coordenadores de curso mant\u00eam v\u00ednculo de trabalho mais pr\u00f3ximos dos estudantes e,\u00a0 geralmente, os estudantes se sentem mais a vontade de partilhar suas quest\u00f5es pessoais com seus coordenadores de curso. Ao realizar o encaminhamento, o coordenador ou coordenadora permite que a PRAE acesse a situa\u00e7\u00e3o do estudante e realize, imediatamente, abordagem para a oferta do atendimento. \u00c9 desta forma que temos alcan\u00e7ado \u00e0s diversas situa\u00e7\u00f5es de inseguran\u00e7a alimentar e realizado as entregas de cestas b\u00e1sicas, minimizando as dificuldades quanto ao provimento da alimenta\u00e7\u00e3o.<\/p>\n<p style=\"text-align: center\"><strong>Apoio da Comunidade<\/strong><\/p>\n<p style=\"text-align: center\">A comunidade tem sido fundamental pois as cestas b\u00e1sicas s\u00e3o resultado da colabora\u00e7\u00e3o de pessoas an\u00f4nimas da comunidade que se solidarizam com a situa\u00e7\u00e3o de inseguran\u00e7a alimentar de nossos estudantes. A PRAE agradece, imensamente, as doa\u00e7\u00f5es recebidas. At\u00e9 o momento atendemos a todas as situa\u00e7\u00f5es que chegaram ao nosso conhecimento. O atendimento tem sido realizado imediatamente ap\u00f3s o recebimento do encaminhamento. O estudante \u00e9 contatado, pela equipe da PRAE via whatsapp para a an\u00e1lise do caso e tratativas de log\u00edstica para o imediato atendimento da demanda.<\/p>\n<p style=\"text-align: center\"><strong>Sobre o Atendimento <\/strong><\/p>\n<p style=\"text-align: center\">A PRAE manter\u00e1 esse atendimento ativo durante todo o contexto da COVID-19 pelo SEI e pelos e-mails: <a href=\"mailto:prrae@uepg.br\">prrae@uepg.br<\/a> e <a href=\"mailto:diraad@uepg.br\">diraad@uepg.br<\/a><\/p>\n<p><strong>Doa\u00e7\u00f5es<\/strong><\/p>\n<p>A PRAE mant\u00e9m o apelo a toda a comunidade para colaborar com a doa\u00e7\u00e3o das cestas b\u00e1sicas.<\/p>\n<p>A Seguran\u00e7a Alimentar de nossos estudantes \u00e9 uma das nossas prioridades!<\/p>\n<p><strong>COLABORE!<\/strong><\/p>\n<p>Acesse o site: <a href=\"https:\/\/www2.uepg.br\/covid19\/\">https:\/\/www2.uepg.br\/covid19\/<\/a><\/p>\n<p>E, se desejar apoiar esta a\u00e7\u00e3o, direcione sua doa\u00e7\u00e3o para os estudantes da UEPG!<\/p>\n<p>&nbsp;<\/p>\n","protected":false},"excerpt":{"rendered":"<p>Desde o in\u00edcio do per\u00edodo de isolamento social devido ao contexto da pandemia, a Pr\u00f3-reitoria de Assuntos Estudantis tem realizado atendimento de casos de estudantes em situa\u00e7\u00e3o de inseguran\u00e7a alimentar. A entrega de cestas b\u00e1sicas tem sido feita no domic\u00edlio da\/do estudante. A comunidade acad\u00eamica tem acessado as informa\u00e7\u00f5es do atendimento atrav\u00e9s de notas realizadas&nbsp;&hellip;<\/p>\n","protected":false},"author":128,"featured_media":0,"comment_status":"closed","ping_status":"open","sticky":false,"template":"","format":"standard","meta":[],"categories":[5],"tags":[],"_links":{"self":[{"href":"https:\/\/www2.uepg.br\/prae\/wp-json\/wp\/v2\/posts\/1039"}],"collection":[{"href":"https:\/\/www2.uepg.br\/prae\/wp-json\/wp\/v2\/posts"}],"about":[{"href":"https:\/\/www2.uepg.br\/prae\/wp-json\/wp\/v2\/types\/post"}],"author":[{"embeddable":true,"href":"https:\/\/www2.uepg.br\/prae\/wp-json\/wp\/v2\/users\/128"}],"replies":[{"embeddable":true,"href":"https:\/\/www2.uepg.br\/prae\/wp-json\/wp\/v2\/comments?post=1039"}],"version-history":[{"count":7,"href":"https:\/\/www2.uepg.br\/prae\/wp-json\/wp\/v2\/posts\/1039\/revisions"}],"predecessor-version":[{"id":1048,"href":"https:\/\/www2.uepg.br\/prae\/wp-json\/wp\/v2\/posts\/1039\/revisions\/1048"}],"wp:attachment":[{"href":"https:\/\/www2.uepg.br\/prae\/wp-json\/wp\/v2\/media?parent=1039"}],"wp:term":[{"taxonomy":"category","embeddable":true,"href":"https:\/\/www2.uepg.br\/prae\/wp-json\/wp\/v2\/categories?post=1039"},{"taxonomy":"post_tag","embeddable":true,"href":"https:\/\/www2.uepg.br\/prae\/wp-json\/wp\/v2\/tags?post=1039"}],"curies":[{"name":"wp","href":"https:\/\/api.w.org\/{rel}","templated":true}]}}