{"id":1049,"date":"2020-04-16T14:23:28","date_gmt":"2020-04-16T17:23:28","guid":{"rendered":"http:\/\/www2.uepg.br\/prae\/?p=1049"},"modified":"2020-04-16T14:23:28","modified_gmt":"2020-04-16T17:23:28","slug":"questionario-sobre-o-perfil-das-os-estudantes-da-uepg-quanto-as-suas-condicoes-para-a-ead-e-lancado-hoje-participem","status":"publish","type":"post","link":"https:\/\/www2.uepg.br\/prae\/questionario-sobre-o-perfil-das-os-estudantes-da-uepg-quanto-as-suas-condicoes-para-a-ead-e-lancado-hoje-participem\/","title":{"rendered":"Question\u00e1rio sobre o perfil das\/os estudantes da UEPG quanto \u00e0s suas condi\u00e7\u00f5es para a EaD \u00e9 lan\u00e7ado hoje! Participem!"},"content":{"rendered":"<p>A representa\u00e7\u00e3o estudantil no Conselho Universit\u00e1rio (CoU), a Associa\u00e7\u00e3o dos P\u00f3s-graduandos da UEPG e a Pr\u00f3-reitoria de Assuntos Estudantis (PRAE) lan\u00e7am question\u00e1rio para buscar aprofundar o conhecimento sobre o perfil das\/os estudantes da UEPG a respeito do acesso e uso da internet bem como da estrutura para realiza\u00e7\u00e3o de atividades na modalidade de Educa\u00e7\u00e3o a Dist\u00e2ncia.<\/p>\n<p>O presente question\u00e1rio parte, inicialmente, do estudo dos dados do question\u00e1rio elaborado pelo Diret\u00f3rio Central dos Estudantes (DCE), realizado para a ocasi\u00e3o da \u00faltima reuni\u00e3o do CoU, o qual serviu de refer\u00eancia para a elabora\u00e7\u00e3o das quest\u00f5es deste novo question\u00e1rio que atende a uma demanda do pr\u00f3prio CoU acerca do levantamento de dados da realidade dos estudantes da UEPG acerca da EaD.<\/p>\n<p>A PRAE, que \u00e9 respons\u00e1vel pela pol\u00edtica de assist\u00eancia estudantil na UEPG, entende que esta iniciativa \u00e9 necess\u00e1ria n\u00e3o s\u00f3 para o contexto atual, no qual vivemos uma situa\u00e7\u00e3o at\u00edpica em virtude da pandemia da Covid 2019, mas tamb\u00e9m porque muitos cursos presenciais j\u00e1 possuem disciplinas em EAD. Sendo assim, \u00e9 necess\u00e1rio saber do acesso para poder intervir nos casos em que estudantes n\u00e3o tenham condi\u00e7\u00f5es plenas para a realiza\u00e7\u00e3o dessas atividades.<\/p>\n<p>A representa\u00e7\u00e3o estudantil no CoU, junto da Associa\u00e7\u00e3o dos P\u00f3s-graduandos da UEPG, compreende que as discuss\u00f5es sobre a continua\u00e7\u00e3o do calend\u00e1rio universit\u00e1rio na condi\u00e7\u00e3o da modalidade EaD precisam levar em considera\u00e7\u00e3o as condi\u00e7\u00f5es estruturais, sociais e psicol\u00f3gicas que nossos colegas estudantes possuem. Nesse sentido, estas inst\u00e2ncias de representa\u00e7\u00e3o estudantil se debru\u00e7aram junto da PRAE para fazer esse levantamento e a partir dos dados que defendem as suas posturas e proposi\u00e7\u00f5es nas reuni\u00f5es do COU.<\/p>\n<p>A an\u00e1lise do question\u00e1rio pretende subsidiar as discuss\u00f5es que possam surgir sobre EaD na pr\u00f3xima reuni\u00e3o do CoU e tamb\u00e9m futuras a\u00e7\u00f5es que j\u00e1 vem sendo elaboradas, como por exemplo, um projeto que est\u00e1 sendo constru\u00eddo em uma parceria da Biblioteca UEPG com a PRAE sobre acessibilidade digital.<\/p>\n<p>O question\u00e1rio busca atingir o maior n\u00famero de alunas e alunos. O prazo para responder vai at\u00e9 o dia 24 de abril.<\/p>\n<p>Os e as estudantes com defici\u00eancia visual que tenham dificuldade para o preenchimento do relat\u00f3rio poder\u00e3o contar com o aux\u00edlio das profissionais da PRAE para o preenchimento do formul\u00e1rio. Aguardem o contato, via telefone.<\/p>\n<p>Contato da representa\u00e7\u00e3o discente no CoU: (42) 99933-1231 \u2013 Guilherme Portela<\/p>\n<p>Acessem o link abaixo e participem!<\/p>\n<p>Link do question\u00e1rio:<\/p>\n<p><a href=\"https:\/\/docs.google.com\/forms\/d\/e\/1FAIpQLSd85xSOasRVurPBm5orM0KOY3gl_2XZd-rpQGYcSwxOcDkGjA\/viewform\">https:\/\/docs.google.com\/forms\/d\/e\/1FAIpQLSd85xSOasRVurPBm5orM0KOY3gl_2XZd-rpQGYcSwxOcDkGjA\/viewform<\/a><\/p>\n","protected":false},"excerpt":{"rendered":"<p>A representa\u00e7\u00e3o estudantil no Conselho Universit\u00e1rio (CoU), a Associa\u00e7\u00e3o dos P\u00f3s-graduandos da UEPG e a Pr\u00f3-reitoria de Assuntos Estudantis (PRAE) lan\u00e7am question\u00e1rio para buscar aprofundar o conhecimento sobre o perfil das\/os estudantes da UEPG a respeito do acesso e uso da internet bem como da estrutura para realiza\u00e7\u00e3o de atividades na modalidade de Educa\u00e7\u00e3o a&nbsp;&hellip;<\/p>\n","protected":false},"author":128,"featured_media":772,"comment_status":"closed","ping_status":"open","sticky":false,"template":"","format":"standard","meta":[],"categories":[5],"tags":[],"_links":{"self":[{"href":"https:\/\/www2.uepg.br\/prae\/wp-json\/wp\/v2\/posts\/1049"}],"collection":[{"href":"https:\/\/www2.uepg.br\/prae\/wp-json\/wp\/v2\/posts"}],"about":[{"href":"https:\/\/www2.uepg.br\/prae\/wp-json\/wp\/v2\/types\/post"}],"author":[{"embeddable":true,"href":"https:\/\/www2.uepg.br\/prae\/wp-json\/wp\/v2\/users\/128"}],"replies":[{"embeddable":true,"href":"https:\/\/www2.uepg.br\/prae\/wp-json\/wp\/v2\/comments?post=1049"}],"version-history":[{"count":1,"href":"https:\/\/www2.uepg.br\/prae\/wp-json\/wp\/v2\/posts\/1049\/revisions"}],"predecessor-version":[{"id":1050,"href":"https:\/\/www2.uepg.br\/prae\/wp-json\/wp\/v2\/posts\/1049\/revisions\/1050"}],"wp:featuredmedia":[{"embeddable":true,"href":"https:\/\/www2.uepg.br\/prae\/wp-json\/wp\/v2\/media\/772"}],"wp:attachment":[{"href":"https:\/\/www2.uepg.br\/prae\/wp-json\/wp\/v2\/media?parent=1049"}],"wp:term":[{"taxonomy":"category","embeddable":true,"href":"https:\/\/www2.uepg.br\/prae\/wp-json\/wp\/v2\/categories?post=1049"},{"taxonomy":"post_tag","embeddable":true,"href":"https:\/\/www2.uepg.br\/prae\/wp-json\/wp\/v2\/tags?post=1049"}],"curies":[{"name":"wp","href":"https:\/\/api.w.org\/{rel}","templated":true}]}}