{"id":1051,"date":"2020-04-17T10:12:32","date_gmt":"2020-04-17T13:12:32","guid":{"rendered":"http:\/\/www2.uepg.br\/prae\/?p=1051"},"modified":"2020-04-17T10:12:39","modified_gmt":"2020-04-17T13:12:39","slug":"alerta-aos-estudantes-da-uepg-sobre-o-beneficio-emergencial-do-governo-federal-para-protecao-no-periodo-de-enfrentamento-a-pandemia-do-coronavirus","status":"publish","type":"post","link":"https:\/\/www2.uepg.br\/prae\/alerta-aos-estudantes-da-uepg-sobre-o-beneficio-emergencial-do-governo-federal-para-protecao-no-periodo-de-enfrentamento-a-pandemia-do-coronavirus\/","title":{"rendered":"ALERTA AOS ESTUDANTES DA UEPG SOBRE O BENEF\u00cdCIO EMERGENCIAL DO GOVERNO FEDERAL PARA PROTE\u00c7\u00c3O NO PER\u00cdODO DE ENFRENTAMENTO \u00c0 PANDEMIA DO CORONAVIRUS!"},"content":{"rendered":"<p>O governo j\u00e1 come\u00e7ou a fazer o pagamento do benef\u00edcio emergencial.<\/p>\n<p>\u201cO Aux\u00edlio Emergencial \u00e9 um benef\u00edcio financeiro concedido pelo Governo Federal destinado aos trabalhadores informais, microempreendedores individuais (MEI), aut\u00f4nomos e desempregados, e tem por objetivo fornecer prote\u00e7\u00e3o emergencial no per\u00edodo de enfrentamento \u00e0 crise causada pela pandemia do Coronav\u00edrus &#8211; COVID 19.\u201d (CAIXA ECON\u00d4MICA FEDERAL).<\/p>\n<p>Se voc\u00ea faz parte de um dos grupos que comp\u00f5em o p\u00fablico-alvo do benef\u00edcio e ainda n\u00e3o fez a sua solicita\u00e7\u00e3o, analise essa possibilidade. O benef\u00edcio n\u00e3o \u00e9 uma ajuda, uma benesse, mas um direito das popula\u00e7\u00f5es vulner\u00e1veis no per\u00edodo da pandemia, pois estas s\u00e3o as mais atingidas pelos efeitos colaterais da pandemia. Garantam a sua prote\u00e7\u00e3o e solicitem o benef\u00edcio. Fa\u00e7a seu cadastro no site da Caixa Econ\u00f4mica Federal.<\/p>\n<p>Segundo informa\u00e7\u00f5es dispon\u00edveis no site da Caixa, podemos verificar quem tem direito ao benef\u00edcio e quem n\u00e3o tem, conforme a seguir:<\/p>\n<p>Quem tem direito ao benef\u00edcio:<\/p>\n<p><strong>Pode solicitar o benef\u00edcio o cidad\u00e3o maior de 18 que atenda a todos os seguintes requisitos:<\/strong><\/p>\n<ul>\n<li>Esteja desempregado ou exer\u00e7a atividade na condi\u00e7\u00e3o de:<\/li>\n<\/ul>\n<p>&#8211; Microempreendedores individuais (MEI);<\/p>\n<p>&#8211; Contribuinte individual da Previd\u00eancia Social;<\/p>\n<p>&#8211; Trabalhador Informal.<\/p>\n<ul>\n<li>Perten\u00e7a \u00e0 fam\u00edlia cuja renda mensal por pessoa n\u00e3o ultrapasse meio sal\u00e1rio m\u00ednimo\u00a0 (R$ 522,50), ou cuja renda familiar total seja de at\u00e9 3 (tr\u00eas) sal\u00e1rios m\u00ednimos (R$ 3.135,00).<\/li>\n<\/ul>\n<p><strong>Quem n\u00e3o tem direito ao benef\u00edcio:<\/strong><\/p>\n<ul>\n<li>Tenha emprego formal ativo;<\/li>\n<li>Pertence \u00e0 fam\u00edlia com renda superior a tr\u00eas sal\u00e1rios m\u00ednimos (R$ 3.135,00) ou cuja renda mensal por pessoa<em>\u00a0<\/em>maior que meio sal\u00e1rio m\u00ednimo (R$ 522,50);<\/li>\n<li>Est\u00e1 recebendo Seguro Desemprego;<\/li>\n<li>Est\u00e1 recebendo benef\u00edcios previdenci\u00e1rios, assistenciais ou benef\u00edcio de transfer\u00eancia de renda federal, com exce\u00e7\u00e3o do Bolsa Fam\u00edlia;<\/li>\n<li>Recebeu rendimentos tribut\u00e1veis acima\u00a0do teto de R$ 28.559.70 em 2018, de acordo com declara\u00e7\u00e3o do Imposto de Renda.<\/li>\n<\/ul>\n<p>&nbsp;<\/p>\n<p><strong>Fiquem atentos aos procedimentos para receber o aux\u00edlio:<\/strong><\/p>\n<ul>\n<li>Desde que atenda \u00e0s regras do Aux\u00edlio, quem j\u00e1 est\u00e1 cadastrado no Cadastro \u00danico (Cad\u00danico), ou recebe o benef\u00edcio Bolsa Fam\u00edlia, receber\u00e1 o benef\u00edcio automaticamente, sem precisar se cadastrar.<\/li>\n<li>As pessoas que n\u00e3o est\u00e3o cadastradas no Cadastro \u00danico, mas que t\u00eam direito ao Aux\u00edlio, poder\u00e3o se cadastrar no aplicativo ou site do Aux\u00edlio Emergencial.<\/li>\n<li>O cadastro ser\u00e1 analisado e o resultado da solicita\u00e7\u00e3o poder\u00e1 ser acompanhado pelo pr\u00f3prio aplicativo Aux\u00edlio Emergencial.<\/li>\n<li>Assim que o cadastro for confirmado e se o usu\u00e1rio n\u00e3o possuir conta na CAIXA ou Banco do Brasil, ser\u00e1 gerado um c\u00f3digo que dever\u00e1 ser utilizado para acesso a sua Conta Poupan\u00e7a Social pelo aplicativo Caixa TEM.<\/li>\n<\/ul>\n<p>&nbsp;<\/p>\n<p><strong>Link para maiores informa\u00e7\u00f5es e para baixar o aplicativo de solicita\u00e7\u00e3o do benef\u00edcio:<\/strong><\/p>\n<p><a href=\"http:\/\/www.caixa.gov.br\/auxilio\/PAGINAS\/DEFAULT2.ASPX\">http:\/\/www.caixa.gov.br\/auxilio\/PAGINAS\/DEFAULT2.ASPX<\/a><\/p>\n","protected":false},"excerpt":{"rendered":"<p>O governo j\u00e1 come\u00e7ou a fazer o pagamento do benef\u00edcio emergencial. \u201cO Aux\u00edlio Emergencial \u00e9 um benef\u00edcio financeiro concedido pelo Governo Federal destinado aos trabalhadores informais, microempreendedores individuais (MEI), aut\u00f4nomos e desempregados, e tem por objetivo fornecer prote\u00e7\u00e3o emergencial no per\u00edodo de enfrentamento \u00e0 crise causada pela pandemia do Coronav\u00edrus &#8211; COVID 19.\u201d (CAIXA ECON\u00d4MICA&nbsp;&hellip;<\/p>\n","protected":false},"author":128,"featured_media":212,"comment_status":"closed","ping_status":"open","sticky":false,"template":"","format":"standard","meta":[],"categories":[5],"tags":[],"_links":{"self":[{"href":"https:\/\/www2.uepg.br\/prae\/wp-json\/wp\/v2\/posts\/1051"}],"collection":[{"href":"https:\/\/www2.uepg.br\/prae\/wp-json\/wp\/v2\/posts"}],"about":[{"href":"https:\/\/www2.uepg.br\/prae\/wp-json\/wp\/v2\/types\/post"}],"author":[{"embeddable":true,"href":"https:\/\/www2.uepg.br\/prae\/wp-json\/wp\/v2\/users\/128"}],"replies":[{"embeddable":true,"href":"https:\/\/www2.uepg.br\/prae\/wp-json\/wp\/v2\/comments?post=1051"}],"version-history":[{"count":2,"href":"https:\/\/www2.uepg.br\/prae\/wp-json\/wp\/v2\/posts\/1051\/revisions"}],"predecessor-version":[{"id":1053,"href":"https:\/\/www2.uepg.br\/prae\/wp-json\/wp\/v2\/posts\/1051\/revisions\/1053"}],"wp:featuredmedia":[{"embeddable":true,"href":"https:\/\/www2.uepg.br\/prae\/wp-json\/wp\/v2\/media\/212"}],"wp:attachment":[{"href":"https:\/\/www2.uepg.br\/prae\/wp-json\/wp\/v2\/media?parent=1051"}],"wp:term":[{"taxonomy":"category","embeddable":true,"href":"https:\/\/www2.uepg.br\/prae\/wp-json\/wp\/v2\/categories?post=1051"},{"taxonomy":"post_tag","embeddable":true,"href":"https:\/\/www2.uepg.br\/prae\/wp-json\/wp\/v2\/tags?post=1051"}],"curies":[{"name":"wp","href":"https:\/\/api.w.org\/{rel}","templated":true}]}}