{"id":1101,"date":"2020-08-05T23:51:46","date_gmt":"2020-08-06T02:51:46","guid":{"rendered":"http:\/\/www2.uepg.br\/prae\/?p=1101"},"modified":"2020-08-12T16:50:17","modified_gmt":"2020-08-12T19:50:17","slug":"solicitacao-de-isencao-da-taxa-de-inscricao-para-o-vestibular-uepg","status":"publish","type":"post","link":"https:\/\/www2.uepg.br\/prae\/solicitacao-de-isencao-da-taxa-de-inscricao-para-o-vestibular-uepg\/","title":{"rendered":"Informa\u00e7\u00f5es sobre a solicita\u00e7\u00e3o de isen\u00e7\u00e3o da taxa de inscri\u00e7\u00e3o para o Vestibular UEPG &#8211;"},"content":{"rendered":"<h3>Per\u00edodo de inscri\u00e7\u00f5es: de 12 a 17 de agosto de 2020, confira as orienta\u00e7\u00f5es publicadas nos Editais da PRAE:<\/h3>\n<p>&nbsp;<\/p>\n<h3 style=\"text-align: center\"><strong><span style=\"color: #ff0000\">NOVO!<\/span><\/strong> \u00a0<a href=\"https:\/\/www2.uepg.br\/\/prae\/wp-content\/uploads\/sites\/18\/2020\/08\/2__com-link_edital-_ISENCAO-VESTIBULAR_COMUNIDADE.pdf\"><strong>EDITAL 23 2020<\/strong> &#8211; ISEN\u00c7\u00c3O DA TAXA DE INSCRI\u00c7\u00c3O PARA O VESTIBULAR UEPG &#8211; para a comunidade em geral.<\/a><\/h3>\n<h2><\/h2>\n<p>&nbsp;<\/p>\n<h3 style=\"text-align: center\"><strong><span style=\"color: #ff0000\">NOVO!\u00a0<\/span><\/strong><a href=\"http:\/\/www2.uepg.br\/prograd\/wp-content\/uploads\/sites\/19\/2020\/08\/edital-_ISEN\u00c7AO-VESTIBULAR_SERVIDOR-da-UEPG.pdf\"><strong>EDITAL 24 2020<\/strong> &#8211; ISEN\u00c7\u00c3O DA TAXA DE INSCRI\u00c7\u00c3O PARA O VESTIBULAR UEPG &#8211; para os servidores da UEPG e seus dependentes Legais.<\/a><\/h3>\n<p>&nbsp;<\/p>\n<h4 style=\"text-align: center\"><a href=\"https:\/\/www2.uepg.br\/prae\/editais\/\"><span style=\"color: #000080\">(clique aqui para ter acesso a todos os editais da p\u00e1gina da PRAE).<\/span><\/a><\/h4>\n","protected":false},"excerpt":{"rendered":"<p>Per\u00edodo de inscri\u00e7\u00f5es: de 12 a 17 de agosto de 2020, confira as orienta\u00e7\u00f5es publicadas nos Editais da PRAE: &nbsp; NOVO! \u00a0EDITAL 23 2020 &#8211; ISEN\u00c7\u00c3O DA TAXA DE INSCRI\u00c7\u00c3O PARA O VESTIBULAR UEPG &#8211; para a comunidade em geral. &nbsp; NOVO!\u00a0EDITAL 24 2020 &#8211; ISEN\u00c7\u00c3O DA TAXA DE INSCRI\u00c7\u00c3O PARA O VESTIBULAR UEPG &#8211;&nbsp;&hellip;<\/p>\n","protected":false},"author":49,"featured_media":0,"comment_status":"closed","ping_status":"closed","sticky":false,"template":"","format":"standard","meta":[],"categories":[5],"tags":[],"_links":{"self":[{"href":"https:\/\/www2.uepg.br\/prae\/wp-json\/wp\/v2\/posts\/1101"}],"collection":[{"href":"https:\/\/www2.uepg.br\/prae\/wp-json\/wp\/v2\/posts"}],"about":[{"href":"https:\/\/www2.uepg.br\/prae\/wp-json\/wp\/v2\/types\/post"}],"author":[{"embeddable":true,"href":"https:\/\/www2.uepg.br\/prae\/wp-json\/wp\/v2\/users\/49"}],"replies":[{"embeddable":true,"href":"https:\/\/www2.uepg.br\/prae\/wp-json\/wp\/v2\/comments?post=1101"}],"version-history":[{"count":21,"href":"https:\/\/www2.uepg.br\/prae\/wp-json\/wp\/v2\/posts\/1101\/revisions"}],"predecessor-version":[{"id":1133,"href":"https:\/\/www2.uepg.br\/prae\/wp-json\/wp\/v2\/posts\/1101\/revisions\/1133"}],"wp:attachment":[{"href":"https:\/\/www2.uepg.br\/prae\/wp-json\/wp\/v2\/media?parent=1101"}],"wp:term":[{"taxonomy":"category","embeddable":true,"href":"https:\/\/www2.uepg.br\/prae\/wp-json\/wp\/v2\/categories?post=1101"},{"taxonomy":"post_tag","embeddable":true,"href":"https:\/\/www2.uepg.br\/prae\/wp-json\/wp\/v2\/tags?post=1101"}],"curies":[{"name":"wp","href":"https:\/\/api.w.org\/{rel}","templated":true}]}}