{"id":1354,"date":"2020-11-17T08:24:07","date_gmt":"2020-11-17T11:24:07","guid":{"rendered":"http:\/\/www2.uepg.br\/prae\/?p=1354"},"modified":"2020-11-17T08:25:33","modified_gmt":"2020-11-17T11:25:33","slug":"uepg-participa-de-mais-uma-edicao-do-vestibular-dos-povos-indigenas-do-parana","status":"publish","type":"post","link":"https:\/\/www2.uepg.br\/prae\/uepg-participa-de-mais-uma-edicao-do-vestibular-dos-povos-indigenas-do-parana\/","title":{"rendered":"UEPG participa de mais uma edi\u00e7\u00e3o do Vestibular dos Povos Ind\u00edgenas do Paran\u00e1"},"content":{"rendered":"<div class='embed-container'>\n<blockquote class=\"wp-embedded-content\" data-secret=\"bsWqpUSJil\"><p><a href=\"https:\/\/www.uepg.br\/vest-indigena\/\">UEPG participa de mais uma edi\u00e7\u00e3o do Vestibular dos Povos Ind\u00edgenas do Paran\u00e1<\/a><\/p><\/blockquote>\n<p><iframe class=\"wp-embedded-content\" sandbox=\"allow-scripts\" security=\"restricted\" style=\"position: absolute; clip: rect(1px, 1px, 1px, 1px);\" title=\"&#8220;UEPG participa de mais uma edi\u00e7\u00e3o do Vestibular dos Povos Ind\u00edgenas do Paran\u00e1&#8221; &#8212; Universidade Estadual de Ponta Grossa\" src=\"https:\/\/www.uepg.br\/vest-indigena\/embed\/#?secret=bsWqpUSJil\" data-secret=\"bsWqpUSJil\" width=\"600\" height=\"338\" frameborder=\"0\" marginwidth=\"0\" marginheight=\"0\" scrolling=\"no\"><\/iframe><\/div>\n<p>&nbsp;<\/p>\n","protected":false},"excerpt":{"rendered":"<p>UEPG participa de mais uma edi\u00e7\u00e3o do Vestibular dos Povos Ind\u00edgenas do Paran\u00e1 &nbsp;<\/p>\n","protected":false},"author":49,"featured_media":0,"comment_status":"closed","ping_status":"open","sticky":false,"template":"","format":"standard","meta":[],"categories":[5],"tags":[],"_links":{"self":[{"href":"https:\/\/www2.uepg.br\/prae\/wp-json\/wp\/v2\/posts\/1354"}],"collection":[{"href":"https:\/\/www2.uepg.br\/prae\/wp-json\/wp\/v2\/posts"}],"about":[{"href":"https:\/\/www2.uepg.br\/prae\/wp-json\/wp\/v2\/types\/post"}],"author":[{"embeddable":true,"href":"https:\/\/www2.uepg.br\/prae\/wp-json\/wp\/v2\/users\/49"}],"replies":[{"embeddable":true,"href":"https:\/\/www2.uepg.br\/prae\/wp-json\/wp\/v2\/comments?post=1354"}],"version-history":[{"count":1,"href":"https:\/\/www2.uepg.br\/prae\/wp-json\/wp\/v2\/posts\/1354\/revisions"}],"predecessor-version":[{"id":1355,"href":"https:\/\/www2.uepg.br\/prae\/wp-json\/wp\/v2\/posts\/1354\/revisions\/1355"}],"wp:attachment":[{"href":"https:\/\/www2.uepg.br\/prae\/wp-json\/wp\/v2\/media?parent=1354"}],"wp:term":[{"taxonomy":"category","embeddable":true,"href":"https:\/\/www2.uepg.br\/prae\/wp-json\/wp\/v2\/categories?post=1354"},{"taxonomy":"post_tag","embeddable":true,"href":"https:\/\/www2.uepg.br\/prae\/wp-json\/wp\/v2\/tags?post=1354"}],"curies":[{"name":"wp","href":"https:\/\/api.w.org\/{rel}","templated":true}]}}