{"id":1362,"date":"2020-11-24T13:27:58","date_gmt":"2020-11-24T16:27:58","guid":{"rendered":"http:\/\/www2.uepg.br\/prae\/?p=1362"},"modified":"2020-11-24T13:28:04","modified_gmt":"2020-11-24T16:28:04","slug":"no-dia-da-consciencia-negra-uepg-destaca-os-10-anos-do-nuregs-e-acoes-da-prae","status":"publish","type":"post","link":"https:\/\/www2.uepg.br\/prae\/no-dia-da-consciencia-negra-uepg-destaca-os-10-anos-do-nuregs-e-acoes-da-prae\/","title":{"rendered":"No Dia da Consci\u00eancia Negra, UEPG destaca os 10 anos do Nuregs e A\u00e7\u00f5es da Prae"},"content":{"rendered":"<div class='embed-container'>\n<blockquote class=\"wp-embedded-content\" data-secret=\"dtLR9P0GVj\"><p><a href=\"https:\/\/www.uepg.br\/consciencia-negra\/\">No Dia da Consci\u00eancia Negra, UEPG destaca os 10 anos do Nuregs e A\u00e7\u00f5es da Prae<\/a><\/p><\/blockquote>\n<p><iframe class=\"wp-embedded-content\" sandbox=\"allow-scripts\" security=\"restricted\" style=\"position: absolute; clip: rect(1px, 1px, 1px, 1px);\" title=\"&#8220;No Dia da Consci\u00eancia Negra, UEPG destaca os 10 anos do Nuregs e A\u00e7\u00f5es da Prae&#8221; &#8212; Universidade Estadual de Ponta Grossa\" src=\"https:\/\/www.uepg.br\/consciencia-negra\/embed\/#?secret=dtLR9P0GVj\" data-secret=\"dtLR9P0GVj\" width=\"600\" height=\"338\" frameborder=\"0\" marginwidth=\"0\" marginheight=\"0\" scrolling=\"no\"><\/iframe><\/div>\n<p>&nbsp;<\/p>\n","protected":false},"excerpt":{"rendered":"<p>No Dia da Consci\u00eancia Negra, UEPG destaca os 10 anos do Nuregs e A\u00e7\u00f5es da Prae &nbsp;<\/p>\n","protected":false},"author":49,"featured_media":0,"comment_status":"closed","ping_status":"open","sticky":false,"template":"","format":"standard","meta":[],"categories":[5],"tags":[],"_links":{"self":[{"href":"https:\/\/www2.uepg.br\/prae\/wp-json\/wp\/v2\/posts\/1362"}],"collection":[{"href":"https:\/\/www2.uepg.br\/prae\/wp-json\/wp\/v2\/posts"}],"about":[{"href":"https:\/\/www2.uepg.br\/prae\/wp-json\/wp\/v2\/types\/post"}],"author":[{"embeddable":true,"href":"https:\/\/www2.uepg.br\/prae\/wp-json\/wp\/v2\/users\/49"}],"replies":[{"embeddable":true,"href":"https:\/\/www2.uepg.br\/prae\/wp-json\/wp\/v2\/comments?post=1362"}],"version-history":[{"count":1,"href":"https:\/\/www2.uepg.br\/prae\/wp-json\/wp\/v2\/posts\/1362\/revisions"}],"predecessor-version":[{"id":1363,"href":"https:\/\/www2.uepg.br\/prae\/wp-json\/wp\/v2\/posts\/1362\/revisions\/1363"}],"wp:attachment":[{"href":"https:\/\/www2.uepg.br\/prae\/wp-json\/wp\/v2\/media?parent=1362"}],"wp:term":[{"taxonomy":"category","embeddable":true,"href":"https:\/\/www2.uepg.br\/prae\/wp-json\/wp\/v2\/categories?post=1362"},{"taxonomy":"post_tag","embeddable":true,"href":"https:\/\/www2.uepg.br\/prae\/wp-json\/wp\/v2\/tags?post=1362"}],"curies":[{"name":"wp","href":"https:\/\/api.w.org\/{rel}","templated":true}]}}