{"id":1364,"date":"2020-11-26T08:02:17","date_gmt":"2020-11-26T11:02:17","guid":{"rendered":"http:\/\/www2.uepg.br\/prae\/?p=1364"},"modified":"2020-11-26T08:03:07","modified_gmt":"2020-11-26T11:03:07","slug":"academica-de-direito-lanca-e-book-de-ficcao-no-brasil-e-portugal","status":"publish","type":"post","link":"https:\/\/www2.uepg.br\/prae\/academica-de-direito-lanca-e-book-de-ficcao-no-brasil-e-portugal\/","title":{"rendered":"Acad\u00eamica de Direito lan\u00e7a e-book de fic\u00e7\u00e3o no Brasil e Portugal"},"content":{"rendered":"<div class='embed-container'>\n<blockquote class=\"wp-embedded-content\" data-secret=\"Wb6JpuoWxk\"><p><a href=\"https:\/\/www.uepg.br\/academica-ebook\/\">Acad\u00eamica de Direito lan\u00e7a e-book de fic\u00e7\u00e3o no Brasil e Portugal<\/a><\/p><\/blockquote>\n<p><iframe class=\"wp-embedded-content\" sandbox=\"allow-scripts\" security=\"restricted\" style=\"position: absolute; clip: rect(1px, 1px, 1px, 1px);\" title=\"&#8220;Acad\u00eamica de Direito lan\u00e7a e-book de fic\u00e7\u00e3o no Brasil e Portugal&#8221; &#8212; Universidade Estadual de Ponta Grossa\" src=\"https:\/\/www.uepg.br\/academica-ebook\/embed\/#?secret=Wb6JpuoWxk\" data-secret=\"Wb6JpuoWxk\" width=\"600\" height=\"338\" frameborder=\"0\" marginwidth=\"0\" marginheight=\"0\" scrolling=\"no\"><\/iframe><\/div>\n<p>&nbsp;<\/p>\n","protected":false},"excerpt":{"rendered":"<p>Acad\u00eamica de Direito lan\u00e7a e-book de fic\u00e7\u00e3o no Brasil e Portugal &nbsp;<\/p>\n","protected":false},"author":49,"featured_media":0,"comment_status":"closed","ping_status":"open","sticky":false,"template":"","format":"standard","meta":[],"categories":[5],"tags":[],"_links":{"self":[{"href":"https:\/\/www2.uepg.br\/prae\/wp-json\/wp\/v2\/posts\/1364"}],"collection":[{"href":"https:\/\/www2.uepg.br\/prae\/wp-json\/wp\/v2\/posts"}],"about":[{"href":"https:\/\/www2.uepg.br\/prae\/wp-json\/wp\/v2\/types\/post"}],"author":[{"embeddable":true,"href":"https:\/\/www2.uepg.br\/prae\/wp-json\/wp\/v2\/users\/49"}],"replies":[{"embeddable":true,"href":"https:\/\/www2.uepg.br\/prae\/wp-json\/wp\/v2\/comments?post=1364"}],"version-history":[{"count":1,"href":"https:\/\/www2.uepg.br\/prae\/wp-json\/wp\/v2\/posts\/1364\/revisions"}],"predecessor-version":[{"id":1365,"href":"https:\/\/www2.uepg.br\/prae\/wp-json\/wp\/v2\/posts\/1364\/revisions\/1365"}],"wp:attachment":[{"href":"https:\/\/www2.uepg.br\/prae\/wp-json\/wp\/v2\/media?parent=1364"}],"wp:term":[{"taxonomy":"category","embeddable":true,"href":"https:\/\/www2.uepg.br\/prae\/wp-json\/wp\/v2\/categories?post=1364"},{"taxonomy":"post_tag","embeddable":true,"href":"https:\/\/www2.uepg.br\/prae\/wp-json\/wp\/v2\/tags?post=1364"}],"curies":[{"name":"wp","href":"https:\/\/api.w.org\/{rel}","templated":true}]}}