{"id":1457,"date":"2021-02-23T14:12:15","date_gmt":"2021-02-23T17:12:15","guid":{"rendered":"http:\/\/www2.uepg.br\/prae\/?p=1457"},"modified":"2021-02-25T10:19:44","modified_gmt":"2021-02-25T13:19:44","slug":"evento-da-uepg-debate-saude-mental-no-contexto-da-pandemia-e-ensino-remoto","status":"publish","type":"post","link":"https:\/\/www2.uepg.br\/prae\/evento-da-uepg-debate-saude-mental-no-contexto-da-pandemia-e-ensino-remoto\/","title":{"rendered":"Evento da UEPG debate sa\u00fade mental no contexto da pandemia e ensino remoto"},"content":{"rendered":"<div class='embed-container'>\n<blockquote class=\"wp-embedded-content\" data-secret=\"bDkpqILw4O\"><p><a href=\"https:\/\/www.uepg.br\/uepg-abre-inscricoes-para-ciclo-de-debates-sobre-saude-mental-dos-estudantes\/\">UEPG abre inscri\u00e7\u00f5es para Ciclo de Debates sobre sa\u00fade mental dos estudantes<\/a><\/p><\/blockquote>\n<p><iframe class=\"wp-embedded-content\" sandbox=\"allow-scripts\" security=\"restricted\" style=\"position: absolute; clip: rect(1px, 1px, 1px, 1px);\" title=\"&#8220;UEPG abre inscri\u00e7\u00f5es para Ciclo de Debates sobre sa\u00fade mental dos estudantes&#8221; &#8212; Universidade Estadual de Ponta Grossa\" src=\"https:\/\/www.uepg.br\/uepg-abre-inscricoes-para-ciclo-de-debates-sobre-saude-mental-dos-estudantes\/embed\/#?secret=bDkpqILw4O\" data-secret=\"bDkpqILw4O\" width=\"600\" height=\"338\" frameborder=\"0\" marginwidth=\"0\" marginheight=\"0\" scrolling=\"no\"><\/iframe><\/div>\n","protected":false},"excerpt":{"rendered":"<p>UEPG abre inscri\u00e7\u00f5es para Ciclo de Debates sobre sa\u00fade mental dos estudantes<\/p>\n","protected":false},"author":49,"featured_media":0,"comment_status":"closed","ping_status":"open","sticky":false,"template":"","format":"standard","meta":[],"categories":[5],"tags":[],"_links":{"self":[{"href":"https:\/\/www2.uepg.br\/prae\/wp-json\/wp\/v2\/posts\/1457"}],"collection":[{"href":"https:\/\/www2.uepg.br\/prae\/wp-json\/wp\/v2\/posts"}],"about":[{"href":"https:\/\/www2.uepg.br\/prae\/wp-json\/wp\/v2\/types\/post"}],"author":[{"embeddable":true,"href":"https:\/\/www2.uepg.br\/prae\/wp-json\/wp\/v2\/users\/49"}],"replies":[{"embeddable":true,"href":"https:\/\/www2.uepg.br\/prae\/wp-json\/wp\/v2\/comments?post=1457"}],"version-history":[{"count":2,"href":"https:\/\/www2.uepg.br\/prae\/wp-json\/wp\/v2\/posts\/1457\/revisions"}],"predecessor-version":[{"id":1459,"href":"https:\/\/www2.uepg.br\/prae\/wp-json\/wp\/v2\/posts\/1457\/revisions\/1459"}],"wp:attachment":[{"href":"https:\/\/www2.uepg.br\/prae\/wp-json\/wp\/v2\/media?parent=1457"}],"wp:term":[{"taxonomy":"category","embeddable":true,"href":"https:\/\/www2.uepg.br\/prae\/wp-json\/wp\/v2\/categories?post=1457"},{"taxonomy":"post_tag","embeddable":true,"href":"https:\/\/www2.uepg.br\/prae\/wp-json\/wp\/v2\/tags?post=1457"}],"curies":[{"name":"wp","href":"https:\/\/api.w.org\/{rel}","templated":true}]}}