{"id":1461,"date":"2021-03-02T17:58:56","date_gmt":"2021-03-02T20:58:56","guid":{"rendered":"http:\/\/www2.uepg.br\/prae\/?p=1461"},"modified":"2021-03-02T17:59:12","modified_gmt":"2021-03-02T20:59:12","slug":"link-de-acesso-ao-ciclo-de-debates-saude-mental-e-ensino-remoto-na-pandemia","status":"publish","type":"post","link":"https:\/\/www2.uepg.br\/prae\/link-de-acesso-ao-ciclo-de-debates-saude-mental-e-ensino-remoto-na-pandemia\/","title":{"rendered":"Link de acesso ao Ciclo de Debates: Sa\u00fade mental e ensino remoto na pandemia"},"content":{"rendered":"<p><span style=\"font-weight: 400\">Para acessar o evento\u00a0 \u201cCiclo de Debates: Sa\u00fade mental e ensino remoto na pandemia &#8221; basta entrar no Google Meet pelo link\u00a0<\/span>abaixo<\/p>\n<p><span style=\"font-weight: 400\">Google meet : meet.google.com\/hxf-dqct-eei\u00a0<\/span><\/p>\n<p><span style=\"font-weight: 400\">Youtube: <\/span><a href=\"https:\/\/youtu.be\/uK18EgZzBnM\"><span style=\"font-weight: 400\">https:\/\/youtu.be\/uK18EgZzBnM<\/span><\/a><span style=\"font-weight: 400\">\u00a0<\/span><\/p>\n<p>&nbsp;<\/p>\n<p><b>Observa\u00e7\u00f5es:<\/b><\/p>\n<ul>\n<li style=\"font-weight: 400\"><span style=\"font-weight: 400\">O link do Google Meet ser\u00e1 o mesmo para os quatro dias do evento\u00a0<\/span><\/li>\n<\/ul>\n<p>&nbsp;<\/p>\n<ul>\n<li style=\"font-weight: 400\"><span style=\"font-weight: 400\">A plataforma do Google Meet permite at\u00e9 100 pessoas por sala , ent\u00e3o caso esse n\u00famero seja ultrapassado a reuni\u00e3o ser\u00e1 transmitida aos demais no youtube da PRAE<\/span><\/li>\n<\/ul>\n<p><span style=\"font-weight: 400\">\u00a0 \u00a0 \u00a0 \u00a0 \u00a0 \u00a0 \u00a0 \u00a0 \u00a0 \u00a0 \u00a0 \u00a0 \u00a0 \u00a0 \u00a0 \u00a0 \u00a0 \u00a0 \u00a0( <\/span><span style=\"font-weight: 400\"><a href=\"https:\/\/www.youtube.com\/channel\/UCMb6WQuWAnWCDqlqpcJilqg\">https:\/\/www.youtube.com\/chan<\/a><\/span><a href=\"https:\/\/www.youtube.com\/channel\/UCMb6WQuWAnWCDqlqpcJilqg\">nel\/UCMb6WQuWAnWCDqlqpcJilqg<\/a> )<\/p>\n<p>&nbsp;<\/p>\n<p><b>Programa\u00e7\u00e3o do evento\u00a0<\/b><\/p>\n<p>&nbsp;<\/p>\n<ul>\n<li><b>02\/03\u00a0 Sa\u00fade mental LGBTQIA+ no contexto da pandemia e ensino remoto<\/b><\/li>\n<\/ul>\n<p><b>Convidada:<\/b><span style=\"font-weight: 400\"> Maria Luisa Burt. Psic\u00f3loga. Terapeuta Afirmativa. <\/span><span style=\"font-weight: 400\">\u00a0Representante do Conselho Regional de Psicologia (CRP) e da Rede Encontros pela Diversidade de Foz do Igua\u00e7u.<\/span><\/p>\n<p><b>Mediador: <\/b><span style=\"font-weight: 400\">Guilherme Portela (Discente de Pedagogia UEPG)<\/span><\/p>\n<ul>\n<li><b>03\/03\u00a0 Sa\u00fade mental e aspectos sociais de estudantes m\u00e3es\/pais no contexto de pandemia e ensino remoto<\/b><\/li>\n<\/ul>\n<p><b>Convidada:<\/b><span style=\"font-weight: 400\"> Prof\u00aa Dr\u00aa <\/span><span style=\"font-weight: 400\">Georgiane\u00a0Garabely Heil V\u00e1zquez (UEPG)<\/span><\/p>\n<p><b>Mediadora:<\/b><span style=\"font-weight: 400\"> Susana Bartmeyer (Residente T\u00e9cnica da PRAE, mestranda em Ci\u00eancias Sociais Aplicadas UEPG).<\/span><\/p>\n<p>&nbsp;<\/p>\n<ul>\n<li><b>04\/03 Sa\u00fade mental de docentes m\u00e3es\/pais no contexto de pandemia e ensino remoto.<\/b><\/li>\n<\/ul>\n<p><b>Convidada:<\/b><span style=\"font-weight: 400\"> Prof\u00aa Dr\u00aa Lislei Preuss <\/span><span style=\"font-weight: 400\">(UEPG)<\/span><\/p>\n<p><b>Mediador:<\/b><span style=\"font-weight: 400\"> Holiver Hilan L. Rosa <\/span><span style=\"font-weight: 400\">(Discente de Servi\u00e7o Social UEPG)<\/span><\/p>\n<p>&nbsp;<\/p>\n<ul>\n<li><b>05\/03\u00a0 Sa\u00fade mental e aten\u00e7\u00e3o psicossocial a estudantes negras(os) e ind\u00edgenas na pandemia.<\/b><\/li>\n<\/ul>\n<p><b>Convidado: <\/b><span style=\"font-weight: 400\">Prof\u00ba Dr\u00ba <\/span><span style=\"font-weight: 400\">Jefferson\u00a0Olivatto da Silva<\/span><span style=\"font-weight: 400\"> (Unicentro)<\/span><\/p>\n<p><b>Mediadora:<\/b><span style=\"font-weight: 400\"> Regina Kosi dos Santos (mestranda em Estudos da Linguagem UEPG)<\/span><\/p>\n","protected":false},"excerpt":{"rendered":"<p>Para acessar o evento\u00a0 \u201cCiclo de Debates: Sa\u00fade mental e ensino remoto na pandemia &#8221; basta entrar no Google Meet pelo link\u00a0abaixo Google meet : meet.google.com\/hxf-dqct-eei\u00a0 Youtube: https:\/\/youtu.be\/uK18EgZzBnM\u00a0 &nbsp; Observa\u00e7\u00f5es: O link do Google Meet ser\u00e1 o mesmo para os quatro dias do evento\u00a0 &nbsp; A plataforma do Google Meet permite at\u00e9 100 pessoas por&nbsp;&hellip;<\/p>\n","protected":false},"author":133,"featured_media":0,"comment_status":"closed","ping_status":"open","sticky":false,"template":"","format":"standard","meta":[],"categories":[5],"tags":[],"_links":{"self":[{"href":"https:\/\/www2.uepg.br\/prae\/wp-json\/wp\/v2\/posts\/1461"}],"collection":[{"href":"https:\/\/www2.uepg.br\/prae\/wp-json\/wp\/v2\/posts"}],"about":[{"href":"https:\/\/www2.uepg.br\/prae\/wp-json\/wp\/v2\/types\/post"}],"author":[{"embeddable":true,"href":"https:\/\/www2.uepg.br\/prae\/wp-json\/wp\/v2\/users\/133"}],"replies":[{"embeddable":true,"href":"https:\/\/www2.uepg.br\/prae\/wp-json\/wp\/v2\/comments?post=1461"}],"version-history":[{"count":3,"href":"https:\/\/www2.uepg.br\/prae\/wp-json\/wp\/v2\/posts\/1461\/revisions"}],"predecessor-version":[{"id":1467,"href":"https:\/\/www2.uepg.br\/prae\/wp-json\/wp\/v2\/posts\/1461\/revisions\/1467"}],"wp:attachment":[{"href":"https:\/\/www2.uepg.br\/prae\/wp-json\/wp\/v2\/media?parent=1461"}],"wp:term":[{"taxonomy":"category","embeddable":true,"href":"https:\/\/www2.uepg.br\/prae\/wp-json\/wp\/v2\/categories?post=1461"},{"taxonomy":"post_tag","embeddable":true,"href":"https:\/\/www2.uepg.br\/prae\/wp-json\/wp\/v2\/tags?post=1461"}],"curies":[{"name":"wp","href":"https:\/\/api.w.org\/{rel}","templated":true}]}}