{"id":1475,"date":"2021-03-09T15:39:16","date_gmt":"2021-03-09T18:39:16","guid":{"rendered":"http:\/\/www2.uepg.br\/prae\/?p=1475"},"modified":"2021-03-09T15:41:35","modified_gmt":"2021-03-09T18:41:35","slug":"aula-aberta-a-inclusao-exclusao-no-ensino-superior-desafios-e-possibilidades","status":"publish","type":"post","link":"https:\/\/www2.uepg.br\/prae\/aula-aberta-a-inclusao-exclusao-no-ensino-superior-desafios-e-possibilidades\/","title":{"rendered":"Aula Aberta: A Inclus\u00e3o\/Exclus\u00e3o no Ensino Superior: Desafios e Possibilidades"},"content":{"rendered":"<div id=\"u_0_5_rr\" class=\"_li\">\n<div id=\"globalContainer\" class=\"uiContextualLayerParent\">\n<div id=\"content\" class=\"fb_content clearfix \">\n<div>\n<div id=\"mainContainer\" class=\"clearfix _2pie\">\n<div id=\"contentCol\" class=\"_5r-_ homeWiderContent _5ss6 _1qkq _1ql0\">\n<div id=\"content_container\" class=\"clearfix\">\n<div id=\"contentArea\" class=\"_14i5 _1qkq _1qkx\" role=\"main\">\n<div>\n<div id=\"stream_pagelet\" data-referrer=\"stream_pagelet\" data-veid=\"vc_1\">\n<div class=\"_5pcb _3z-f __b4\" data-testid=\"newsFeedStream\">\n<div role=\"feed\">\n<div>\n<div class=\"\">\n<div id=\"hyperfeed_story_id_6047bfab79d2d2073439124\" class=\"_5jmm _5pat _3lb4 t_c3pyn-aic _5uun\" role=\"article\" data-fte=\"1\" data-ftr=\"1\" data-testid=\"fbfeed_story\" data-timestamp=\"1614963532\" data-referrer=\"hyperfeed_story_id_6047bfab79d2d2073439124\" data-veid=\"vc_2\" aria-labelledby=\"js_1\" aria-describedby=\"js_2 js_3\">\n<div id=\"u_0_k_iD\" class=\"_4-u2 mbm _4mrt _5v3q _7cqq _4-u8\">\n<div id=\"u_0_l_Yv\" class=\"_3ccb\" data-ft=\"{&quot;tn&quot;:&quot;-R&quot;}\" data-gt=\"{&quot;type&quot;:&quot;click2canvas&quot;,&quot;fbsource&quot;:703,&quot;ref&quot;:&quot;nf_generic&quot;}\">\n<div class=\"_5pcr userContentWrapper\" data-ft=\"{&quot;tn&quot;:&quot;-R&quot;}\">\n<div class=\"_1dwg _1w_m _q7o\" data-visualcompletion=\"ignore-dynamic\">\n<div>\n<div id=\"js_3\" class=\"_5pbx userContent _3576\" data-testid=\"post_message\" data-ft=\"{&quot;tn&quot;:&quot;K&quot;}\">\n<p>Voc\u00ea \u00e9 professor ou est\u00e1 em algum curso de Licenciatura? Recebeu um aluno com alguma defici\u00eancia visual? Ent\u00e3o participe da aula aberta e aprenda um pouco mais sobre como vem acontecendo a inclus\u00e3o, tanto na educa\u00e7\u00e3o b\u00e1sica como no ensino superior!!! Queremos compartilhar experi\u00eancias!!<br \/>\n<a class=\"_58cn\" href=\"https:\/\/www.facebook.com\/hashtag\/pracegover?__eep__=6&amp;source=feed_text&amp;epa=HASHTAG\" data-ft=\"{&quot;type&quot;:104,&quot;tn&quot;:&quot;*N&quot;}\"><span class=\"_5afx\"><span class=\"_58cl _5afz\" aria-label=\"hashtag\">#<\/span><span class=\"_58cm\">PraCegoVer<\/span><\/span><\/a>: Cartaz de divulga\u00e7\u00e3o- no fundo as cores azul e rosa claros e alternam, figuras geom\u00e9tricas em v\u00e1rios tamanhos est\u00e3o espalhadas no cartaz. Canto superior esquerdo, letras grandes e pretas: A Inclus\u00e3o\/Exclus\u00e3o no Ensino Superior: desafios e possibilidades&#8221;. Abaixo letras menores: Aula aberta dia 12 de mar\u00e7o \u00e0s 17 horas. Professora Mestra Simone de Fatima Colman Martins e Professora Doutora Valeska Gracioso Carlos. \u00c0 direita, fotos do rosto das professoras. Abaixo, lado esquerdo tr\u00eas imagens, uma abaixo da outra: 1-fachada de uma universidade com pilares e escadaria; 2-pessoas de m\u00e3os dadas, um homem usando muleta, uma mulher, outro homem com uma bengala, uma mulher com um c\u00e3o-guia e um homem cadeirante; 3-s\u00edmbolo da AudioDescri\u00e7\u00e3o. \u00c0 direita uma frase em destaque: \u201cTemos o direito a sermos iguais sempre que a diferen\u00e7a nos inferioriza; temos o direito de sermos diferentes sempre que a igualdade nos descaracteriza&#8221; Boaventura de Sousa Santos. Abaixo, 12 de mar\u00e7o de 2021, \u00e0s 17h, vagas limitadas. Inscri\u00e7\u00f5es:\u00a0<a href=\"https:\/\/l.facebook.com\/l.php?u=https%3A%2F%2Fforms.gle%2FaejnVwMtp2aDmzQT7&amp;h=AT2FDg2ZjZE484KLFpGbLTEx0dZmn-9qr_pY7hF42L_p0B3MR0GgYw4TpVPnkdfZLPIO3gi7zzKYNFERUgBWiiJWgcyl0CTUjS67f7YhITJ3iBZFC8kIG265CuscAYNy8CwqcEn7x1-l7CHlXRtca-6udz7UGK_3fYPqeHl0Que80giE\" target=\"_blank\" rel=\"noopener nofollow\" data-ft=\"{&quot;tn&quot;:&quot;-U&quot;}\" data-lynx-mode=\"asynclazy\">https:\/\/forms.gle\/aejnVwMtp2aDmzQT7<\/a>\u00a0Realiza\u00e7\u00e3o: DEEL, Clec, UEPG e PROEX. Canto inferior esquerdo um QR-Code com a AD do cartaz.<\/p>\n<\/div>\n<div class=\"_3x-2\" data-ft=\"{&quot;tn&quot;:&quot;H&quot;}\">\n<div data-ft=\"{&quot;tn&quot;:&quot;H&quot;}\">\n<div class=\"mtm\">\n<div>\n<div class=\"_1ktf\" data-ft=\"{&quot;tn&quot;:&quot;E&quot;}\">\n<div class=\"_46-h _517g\"><img loading=\"lazy\" class=\"_46-i img aligncenter\" src=\"https:\/\/scontent.fbfh6-1.fna.fbcdn.net\/v\/t1.0-9\/s720x720\/158968944_885120758727933_4033571023556081760_o.jpg?_nc_cat=109&amp;ccb=1-3&amp;_nc_sid=8024bb&amp;_nc_ohc=Jl9UMuUsSaAAX_4C_sw&amp;_nc_ht=scontent.fbfh6-1.fna&amp;tp=7&amp;oh=cfe4c508b494522e3863d1fade5f019d&amp;oe=606C601B\" alt=\"Pode ser uma imagem de 2 pessoas e texto que diz &quot;A INCLUS\u00c3O\/EXCLUS\u00c3O NO ENSINO SUPERIOR: DESAFIOS E POSSIBILIDADES Aula Aberta dia 12 de mar\u00e7o, 17h Prfa. Msa. Simone de F. Colman Martins Prfa. Dra. Valeska Gracioso Carlos emos direito a sermos iguais sempre que a diferen\u00e7a nOS inferioriza; temos direito de sermos diferentes sempre que igualdade nos descaracteriza.&quot; AD))) Boaventura de Sousa Santos AUDIODESCRI\u00c7\u00c3O)) 12\/03\/21 \u00e0s 17 horas vagas limitadas Inscri\u00e7\u00f5es: http:\/\/form.lelcein\/mMtpamn017 Realiza\u00e7\u00e3o: \u53ea\u00e6\u8bc6 DEEL SCAN ME UPPG proex.&quot;\" width=\"509\" height=\"720\" data-src=\"https:\/\/scontent.fbfh6-1.fna.fbcdn.net\/v\/t1.0-9\/s720x720\/158968944_885120758727933_4033571023556081760_o.jpg?_nc_cat=109&amp;ccb=1-3&amp;_nc_sid=8024bb&amp;_nc_ohc=Jl9UMuUsSaAAX_4C_sw&amp;_nc_ht=scontent.fbfh6-1.fna&amp;tp=7&amp;oh=cfe4c508b494522e3863d1fade5f019d&amp;oe=606C601B\" \/><\/div>\n<\/div>\n<\/div>\n<\/div>\n<\/div>\n<\/div>\n<div><\/div>\n<\/div>\n<\/div>\n<div>\n<div class=\"_7f6e\"><\/div>\n<\/div>\n<\/div>\n<\/div>\n<\/div>\n<\/div>\n<\/div>\n<\/div>\n<\/div>\n<\/div>\n<\/div>\n<\/div>\n<\/div>\n<\/div>\n<\/div>\n<\/div>\n<\/div>\n<\/div>\n<div class=\"\"><\/div>\n<\/div>\n<div><\/div>\n<\/div>\n","protected":false},"excerpt":{"rendered":"<p>Voc\u00ea \u00e9 professor ou est\u00e1 em algum curso de Licenciatura? Recebeu um aluno com alguma defici\u00eancia visual? Ent\u00e3o participe da aula aberta e aprenda um pouco mais sobre como vem acontecendo a inclus\u00e3o, tanto na educa\u00e7\u00e3o b\u00e1sica como no ensino superior!!! Queremos compartilhar experi\u00eancias!! #PraCegoVer: Cartaz de divulga\u00e7\u00e3o- no fundo as cores azul e rosa&nbsp;&hellip;<\/p>\n","protected":false},"author":49,"featured_media":0,"comment_status":"closed","ping_status":"open","sticky":false,"template":"","format":"standard","meta":[],"categories":[5],"tags":[],"_links":{"self":[{"href":"https:\/\/www2.uepg.br\/prae\/wp-json\/wp\/v2\/posts\/1475"}],"collection":[{"href":"https:\/\/www2.uepg.br\/prae\/wp-json\/wp\/v2\/posts"}],"about":[{"href":"https:\/\/www2.uepg.br\/prae\/wp-json\/wp\/v2\/types\/post"}],"author":[{"embeddable":true,"href":"https:\/\/www2.uepg.br\/prae\/wp-json\/wp\/v2\/users\/49"}],"replies":[{"embeddable":true,"href":"https:\/\/www2.uepg.br\/prae\/wp-json\/wp\/v2\/comments?post=1475"}],"version-history":[{"count":1,"href":"https:\/\/www2.uepg.br\/prae\/wp-json\/wp\/v2\/posts\/1475\/revisions"}],"predecessor-version":[{"id":1476,"href":"https:\/\/www2.uepg.br\/prae\/wp-json\/wp\/v2\/posts\/1475\/revisions\/1476"}],"wp:attachment":[{"href":"https:\/\/www2.uepg.br\/prae\/wp-json\/wp\/v2\/media?parent=1475"}],"wp:term":[{"taxonomy":"category","embeddable":true,"href":"https:\/\/www2.uepg.br\/prae\/wp-json\/wp\/v2\/categories?post=1475"},{"taxonomy":"post_tag","embeddable":true,"href":"https:\/\/www2.uepg.br\/prae\/wp-json\/wp\/v2\/tags?post=1475"}],"curies":[{"name":"wp","href":"https:\/\/api.w.org\/{rel}","templated":true}]}}