{"id":1477,"date":"2021-03-10T18:20:51","date_gmt":"2021-03-10T21:20:51","guid":{"rendered":"https:\/\/www2.uepg.br\/prae\/?p=1477"},"modified":"2021-03-10T18:24:37","modified_gmt":"2021-03-10T21:24:37","slug":"estudantes-de-administracao-aplicam-questionario-sobre-a-identidade-visual-da-uepg","status":"publish","type":"post","link":"https:\/\/www2.uepg.br\/prae\/estudantes-de-administracao-aplicam-questionario-sobre-a-identidade-visual-da-uepg\/","title":{"rendered":"Estudantes de administra\u00e7\u00e3o aplicam question\u00e1rio sobre a identidade visual da UEPG"},"content":{"rendered":"<p><img src=\"https:\/\/www.uepg.br\/wp-content\/uploads\/2021\/03\/WhatsApp-Image-2021-03-10-at-13.28.52.jpg\" \/><\/p>\n<p><img loading=\"lazy\" class=\"wp-image-18363 alignleft lazyloaded\" src=\"https:\/\/www.uepg.br\/wp-content\/uploads\/2021\/03\/WhatsApp-Image-2021-03-10-at-14.03.07.jpg\" alt=\"\" width=\"212\" height=\"282\" data-srcset=\"https:\/\/www.uepg.br\/wp-content\/uploads\/2021\/03\/WhatsApp-Image-2021-03-10-at-14.03.07.jpg 960w, https:\/\/www.uepg.br\/wp-content\/uploads\/2021\/03\/WhatsApp-Image-2021-03-10-at-14.03.07-225x300.jpg 225w, https:\/\/www.uepg.br\/wp-content\/uploads\/2021\/03\/WhatsApp-Image-2021-03-10-at-14.03.07-768x1024.jpg 768w, https:\/\/www.uepg.br\/wp-content\/uploads\/2021\/03\/WhatsApp-Image-2021-03-10-at-14.03.07-810x1080.jpg 810w\" data-src=\"https:\/\/www.uepg.br\/wp-content\/uploads\/2021\/03\/WhatsApp-Image-2021-03-10-at-14.03.07.jpg\" data-sizes=\"(max-width: 212px) 100vw, 212px\" \/>Nesta quarta-feira (10), as alunas Marillia Hamati e Patricia Portes dos Santos, que est\u00e3o no quarto ano do curso de administra\u00e7\u00e3o da Universidade Estadual de Ponta Grossa (UEPG), divulgaram um question\u00e1rio sobre a reformula\u00e7\u00e3o da marca da Universidade.<\/p>\n<p>A pesquisa, que faz parte do trabalho de conclus\u00e3o de curso das acad\u00eamicas, foi pensada para entender como a UEPG \u00e9 vista pela comunidade, quais s\u00e3o seus pontos fortes e como \u00e9 a imagem da institui\u00e7\u00e3o em seus diversos setores, ap\u00f3s a reformula\u00e7\u00e3o da marca.<\/p>\n<p>\u201cO nosso trabalho de conclus\u00e3o do curso de Administra\u00e7\u00e3o, orientado pela professora Gislaine Martinelli Baninski, visa mostrar como o planejamento estrat\u00e9gico e o marketing foram utilizados para reformular a marca da UEPG e os resultados que foram obtidos em rela\u00e7\u00e3o \u00e0 imagem passada pela institui\u00e7\u00e3o\u201d, explica Marillia. Ap\u00f3s o levantamento de dados por meio de question\u00e1rio on-line a pr\u00f3xima etapa ser\u00e1 a tabula\u00e7\u00e3o e an\u00e1lise dos dados obtidos.<img loading=\"lazy\" class=\"wp-image-18364 alignright lazyloaded\" src=\"https:\/\/www.uepg.br\/wp-content\/uploads\/2021\/03\/WhatsApp-Image-2021-03-10-at-14.05.07.jpeg\" alt=\"\" width=\"259\" height=\"207\" data-srcset=\"https:\/\/www.uepg.br\/wp-content\/uploads\/2021\/03\/WhatsApp-Image-2021-03-10-at-14.05.07.jpeg 1000w, https:\/\/www.uepg.br\/wp-content\/uploads\/2021\/03\/WhatsApp-Image-2021-03-10-at-14.05.07-300x240.jpeg 300w, https:\/\/www.uepg.br\/wp-content\/uploads\/2021\/03\/WhatsApp-Image-2021-03-10-at-14.05.07-768x614.jpeg 768w\" data-src=\"https:\/\/www.uepg.br\/wp-content\/uploads\/2021\/03\/WhatsApp-Image-2021-03-10-at-14.05.07.jpeg\" data-sizes=\"(max-width: 259px) 100vw, 259px\" \/><\/p>\n<p>Segundo a estudante, a ideia do tema surgiu quando as alunas passaram a acompanhar os processo de reformula\u00e7\u00e3o da marca, e a visibilidade que a institui\u00e7\u00e3o ganhou, principalmente nas m\u00eddias sociais, bem como a mudan\u00e7a e intensifica\u00e7\u00e3o da intera\u00e7\u00e3o com a comunidade. A acad\u00eamica destaca que todos os interessados podem participar da pesquisa.<\/p>\n<p>Para responder ao question\u00e1rio, basta acessar o\u00a0<a role=\"link\" href=\"https:\/\/docs.google.com\/forms\/d\/e\/1FAIpQLScbGcX-hw63tTIT608lOhCwQqBtDojhwwCVDyB5CFlMGWhRxQ\/viewform\">link<\/a>.<\/p>\n<p><strong>Sobre a nova identidade visual<\/strong><\/p>\n<p>O logotipo atual da institui\u00e7\u00e3o foi aprovado por unanimidade pelo Conselho Universit\u00e1rio (COU) da UEPG em fevereiro de 2019. A nova identidade visual faz parte das a\u00e7\u00f5es previstas para a reestrutura\u00e7\u00e3o da comunica\u00e7\u00e3o da Universidade, que passou a ser mais interativa, din\u00e2mica e moderna.<\/p>\n<p>O processo de desenvolvimento da marca come\u00e7ou em outubro de 2018. \u201cNo in\u00edcio de dezembro de 2018, a partir de uma primeira proposta da marca, foram realizadas entrevistas com grupos de servidores, professores, estudantes e comunidade externa para um mapeamento da percep\u00e7\u00e3o sobre a marca desenvolvida para a UEPG\u201d, explica a chefe da coordenadoria de comunica\u00e7\u00e3o da institui\u00e7\u00e3o, Luciane Navarro. De acordo com ela, a reitoria, coordenadoria de comunica\u00e7\u00e3o (CCOM) e pr\u00f3-reitorias participaram ativamente do processo que resultou na proposta apresenta ao COU.<\/p>\n<p>A empresa respons\u00e1vel pela cria\u00e7\u00e3o da marca foi a Porto Bureau, contratada pela Funda\u00e7\u00e3o de Apoio ao Desenvolvimento Institucional, Cient\u00edfico e Tecnol\u00f3gico da Universdade (FAUEPG). Segundo a empresa, o novo logotipo transmite toda a for\u00e7a intelectual, econ\u00f4mica e social exercida pela Universidade. \u201cO alinhamento da sua comunica\u00e7\u00e3o ao potencial da institui\u00e7\u00e3o foi constru\u00eddo com base em tr\u00eas pilares: comunidade, inova\u00e7\u00e3o e conhecimento\u201d, descreve a Porto Bureau no seu site.<\/p>\n<p><img loading=\"lazy\" class=\"wp-image-18367 alignleft lazyloaded\" src=\"https:\/\/www.uepg.br\/wp-content\/uploads\/2021\/03\/MG_1596.jpg\" alt=\"\" width=\"359\" height=\"239\" data-srcset=\"https:\/\/www.uepg.br\/wp-content\/uploads\/2021\/03\/MG_1596.jpg 1000w, https:\/\/www.uepg.br\/wp-content\/uploads\/2021\/03\/MG_1596-300x200.jpg 300w, https:\/\/www.uepg.br\/wp-content\/uploads\/2021\/03\/MG_1596-768x511.jpg 768w, https:\/\/www.uepg.br\/wp-content\/uploads\/2021\/03\/MG_1596-272x182.jpg 272w\" data-src=\"https:\/\/www.uepg.br\/wp-content\/uploads\/2021\/03\/MG_1596.jpg\" data-sizes=\"(max-width: 359px) 100vw, 359px\" \/>O reitor, professor Miguel Sanches Neto, enfatiza que a marca tem como ponto forte a letra E, de Estadual, o que refor\u00e7a o car\u00e1ter p\u00fablico e gratuito da institui\u00e7\u00e3o. \u201cAl\u00e9m disso, o \u201cE\u201d \u00e9 uma bandeira estilizada, num movimento ascendente, lembrando que estamos crescendo nos \u00edndices que avaliam o ensino superior no Brasil e no mundo\u201d, afirma.<\/p>\n<p><strong>Simbologia<\/strong><\/p>\n<p>\u201cRespeitando a hist\u00f3ria e mem\u00f3ria visual da Universidade, a proposta gr\u00e1fica manteve o azul escuro. O azul claro comp\u00f5e a cria\u00e7\u00e3o simbolizando a inova\u00e7\u00e3o\u201d, afirma Rafael Zem Diretor de cria\u00e7\u00e3o da Porto Bureau. \u201cO amarelo, que na primeira marca da UEPG simboliza o p\u00f4r do sol da cidade de Ponta Grossa e da regi\u00e3o de Uvaranas, foi mantido como parte de uma paleta de cores complementar\u201d, diz.<\/p>\n<p>Fl\u00e1via Moro Barros, diretora de atendimento da ag\u00eancia, destaca que a bandeira tremulando transmite de uma universidade em movimento. \u201cA bandeira representa a conquista, o territ\u00f3rio, a internacionaliza\u00e7\u00e3o\u201d, explica.<\/p>\n<pre>Texto: Vanessa Hrenechen    Fotos: arquivo pessoal das acad\u00eamicas e Vanessa Hrenechen<\/pre>\n","protected":false},"excerpt":{"rendered":"<p>Nesta quarta-feira (10), as alunas Marillia Hamati e Patricia Portes dos Santos, que est\u00e3o no quarto ano do curso de administra\u00e7\u00e3o da Universidade Estadual de Ponta Grossa (UEPG), divulgaram um question\u00e1rio sobre a reformula\u00e7\u00e3o da marca da Universidade. A pesquisa, que faz parte do trabalho de conclus\u00e3o de curso das acad\u00eamicas, foi pensada para entender&nbsp;&hellip;<\/p>\n","protected":false},"author":49,"featured_media":0,"comment_status":"closed","ping_status":"open","sticky":false,"template":"","format":"standard","meta":[],"categories":[5],"tags":[],"_links":{"self":[{"href":"https:\/\/www2.uepg.br\/prae\/wp-json\/wp\/v2\/posts\/1477"}],"collection":[{"href":"https:\/\/www2.uepg.br\/prae\/wp-json\/wp\/v2\/posts"}],"about":[{"href":"https:\/\/www2.uepg.br\/prae\/wp-json\/wp\/v2\/types\/post"}],"author":[{"embeddable":true,"href":"https:\/\/www2.uepg.br\/prae\/wp-json\/wp\/v2\/users\/49"}],"replies":[{"embeddable":true,"href":"https:\/\/www2.uepg.br\/prae\/wp-json\/wp\/v2\/comments?post=1477"}],"version-history":[{"count":3,"href":"https:\/\/www2.uepg.br\/prae\/wp-json\/wp\/v2\/posts\/1477\/revisions"}],"predecessor-version":[{"id":1480,"href":"https:\/\/www2.uepg.br\/prae\/wp-json\/wp\/v2\/posts\/1477\/revisions\/1480"}],"wp:attachment":[{"href":"https:\/\/www2.uepg.br\/prae\/wp-json\/wp\/v2\/media?parent=1477"}],"wp:term":[{"taxonomy":"category","embeddable":true,"href":"https:\/\/www2.uepg.br\/prae\/wp-json\/wp\/v2\/categories?post=1477"},{"taxonomy":"post_tag","embeddable":true,"href":"https:\/\/www2.uepg.br\/prae\/wp-json\/wp\/v2\/tags?post=1477"}],"curies":[{"name":"wp","href":"https:\/\/api.w.org\/{rel}","templated":true}]}}