{"id":3411,"date":"2024-07-30T09:42:15","date_gmt":"2024-07-30T12:42:15","guid":{"rendered":"https:\/\/www2.uepg.br\/prae\/?p=3411"},"modified":"2024-07-30T09:42:15","modified_gmt":"2024-07-30T12:42:15","slug":"praedivulga-palestra-os-processos-de-ensino-e-aprendizagem-com-estudantes-autistas-no-ensino-superior","status":"publish","type":"post","link":"https:\/\/www2.uepg.br\/prae\/praedivulga-palestra-os-processos-de-ensino-e-aprendizagem-com-estudantes-autistas-no-ensino-superior\/","title":{"rendered":"#praedivulga Palestra: Os processos de ensino e aprendizagem com estudantes autistas no Ensino Superior"},"content":{"rendered":"<p>#praedivulga<\/p>\n<p><img loading=\"lazy\" class=\"aligncenter wp-image-3413 size-full\" src=\"http:\/\/www2.uepg.br\/prae\/wp-content\/uploads\/sites\/18\/2024\/07\/WhatsApp-Image-2024-07-30-at-09.25.57-1.jpeg\" alt=\"\" width=\"1131\" height=\"1600\" \/><\/p>\n<p>Como parte das a\u00e7\u00f5es de forma\u00e7\u00e3o continuada promovidas pela Pr\u00f3-Reitoria de Ensino (PEN), refor\u00e7amos o convite para a palestra: Os processos de ensino e aprendizagem com estudantes autistas no Ensino Superior, a ser realizada no dia 30\/07\/2024, das 14h \u00e0s 16h, pelo Prof. Guilherme Almeida, Presidente da Associa\u00e7\u00e3o Nacional para Inclus\u00e3o das Pessoas Autistas (ANIA\/BR).<\/p>\n<p>Link para participa\u00e7\u00e3o: https:\/\/meet.google.com\/cvs-qigr-nys?pli=1<\/p>\n<p>&nbsp;<\/p>\n","protected":false},"excerpt":{"rendered":"<p>#praedivulga Como parte das a\u00e7\u00f5es de forma\u00e7\u00e3o continuada promovidas pela Pr\u00f3-Reitoria de Ensino (PEN), refor\u00e7amos o convite para a palestra: Os processos de ensino e aprendizagem com estudantes autistas no Ensino Superior, a ser realizada no dia 30\/07\/2024, das 14h \u00e0s 16h, pelo Prof. Guilherme Almeida, Presidente da Associa\u00e7\u00e3o Nacional para Inclus\u00e3o das Pessoas Autistas&nbsp;&hellip;<\/p>\n","protected":false},"author":49,"featured_media":2827,"comment_status":"closed","ping_status":"open","sticky":false,"template":"","format":"standard","meta":[],"categories":[5],"tags":[],"_links":{"self":[{"href":"https:\/\/www2.uepg.br\/prae\/wp-json\/wp\/v2\/posts\/3411"}],"collection":[{"href":"https:\/\/www2.uepg.br\/prae\/wp-json\/wp\/v2\/posts"}],"about":[{"href":"https:\/\/www2.uepg.br\/prae\/wp-json\/wp\/v2\/types\/post"}],"author":[{"embeddable":true,"href":"https:\/\/www2.uepg.br\/prae\/wp-json\/wp\/v2\/users\/49"}],"replies":[{"embeddable":true,"href":"https:\/\/www2.uepg.br\/prae\/wp-json\/wp\/v2\/comments?post=3411"}],"version-history":[{"count":2,"href":"https:\/\/www2.uepg.br\/prae\/wp-json\/wp\/v2\/posts\/3411\/revisions"}],"predecessor-version":[{"id":3414,"href":"https:\/\/www2.uepg.br\/prae\/wp-json\/wp\/v2\/posts\/3411\/revisions\/3414"}],"wp:featuredmedia":[{"embeddable":true,"href":"https:\/\/www2.uepg.br\/prae\/wp-json\/wp\/v2\/media\/2827"}],"wp:attachment":[{"href":"https:\/\/www2.uepg.br\/prae\/wp-json\/wp\/v2\/media?parent=3411"}],"wp:term":[{"taxonomy":"category","embeddable":true,"href":"https:\/\/www2.uepg.br\/prae\/wp-json\/wp\/v2\/categories?post=3411"},{"taxonomy":"post_tag","embeddable":true,"href":"https:\/\/www2.uepg.br\/prae\/wp-json\/wp\/v2\/tags?post=3411"}],"curies":[{"name":"wp","href":"https:\/\/api.w.org\/{rel}","templated":true}]}}