{"id":638,"date":"2019-08-16T11:11:47","date_gmt":"2019-08-16T14:11:47","guid":{"rendered":"http:\/\/www2.uepg.br\/prae\/?p=638"},"modified":"2019-08-16T11:29:10","modified_gmt":"2019-08-16T14:29:10","slug":"xix-vestibular-dos-povos-indigenas-no-parana-2","status":"publish","type":"post","link":"https:\/\/www2.uepg.br\/prae\/xix-vestibular-dos-povos-indigenas-no-parana-2\/","title":{"rendered":"XIX Vestibular dos Povos Ind\u00edgenas no Paran\u00e1 2019"},"content":{"rendered":"<p align=\"justify\"><span style=\"font-family: Arial, sans-serif\"><span style=\"font-size: medium\">A Equipe da Diretoria de A\u00e7\u00f5es Afirmativas e Diversidade (DAAD) e os acad\u00eamicos ind\u00edgenas da UEPG realizam nesta semana a divulga\u00e7\u00e3o do XIX Vestibular dos Povos Ind\u00edgenas no Paran\u00e1. Segundo informa\u00e7\u00f5es da equipe foram 5 inscritos na Comunidade Mococa e 17 na Comunidade Queimadas. <\/span><\/span><\/p>\n<p style=\"text-align: left\"><img loading=\"lazy\" class=\" wp-image-640 aligncenter\" src=\"http:\/\/www2.uepg.br\/prae\/wp-content\/uploads\/sites\/18\/2019\/08\/divulga\u00e7\u00e3o-queimadas-300x225.jpg\" alt=\"\" width=\"488\" height=\"366\" srcset=\"https:\/\/www2.uepg.br\/prae\/wp-content\/uploads\/sites\/18\/2019\/08\/divulga\u00e7\u00e3o-queimadas-300x225.jpg 300w, https:\/\/www2.uepg.br\/prae\/wp-content\/uploads\/sites\/18\/2019\/08\/divulga\u00e7\u00e3o-queimadas-768x576.jpg 768w, https:\/\/www2.uepg.br\/prae\/wp-content\/uploads\/sites\/18\/2019\/08\/divulga\u00e7\u00e3o-queimadas-1024x768.jpg 1024w, https:\/\/www2.uepg.br\/prae\/wp-content\/uploads\/sites\/18\/2019\/08\/divulga\u00e7\u00e3o-queimadas-1232x924.jpg 1232w, https:\/\/www2.uepg.br\/prae\/wp-content\/uploads\/sites\/18\/2019\/08\/divulga\u00e7\u00e3o-queimadas.jpg 1280w\" sizes=\"(max-width: 488px) 100vw, 488px\" \/><\/p>\n","protected":false},"excerpt":{"rendered":"<p>A Equipe da Diretoria de A\u00e7\u00f5es Afirmativas e Diversidade (DAAD) e os acad\u00eamicos ind\u00edgenas da UEPG realizam nesta semana a divulga\u00e7\u00e3o do XIX Vestibular dos Povos Ind\u00edgenas no Paran\u00e1. Segundo informa\u00e7\u00f5es da equipe foram 5 inscritos na Comunidade Mococa e 17 na Comunidade Queimadas.<\/p>\n","protected":false},"author":37,"featured_media":639,"comment_status":"open","ping_status":"open","sticky":false,"template":"","format":"standard","meta":[],"categories":[6,5],"tags":[],"_links":{"self":[{"href":"https:\/\/www2.uepg.br\/prae\/wp-json\/wp\/v2\/posts\/638"}],"collection":[{"href":"https:\/\/www2.uepg.br\/prae\/wp-json\/wp\/v2\/posts"}],"about":[{"href":"https:\/\/www2.uepg.br\/prae\/wp-json\/wp\/v2\/types\/post"}],"author":[{"embeddable":true,"href":"https:\/\/www2.uepg.br\/prae\/wp-json\/wp\/v2\/users\/37"}],"replies":[{"embeddable":true,"href":"https:\/\/www2.uepg.br\/prae\/wp-json\/wp\/v2\/comments?post=638"}],"version-history":[{"count":9,"href":"https:\/\/www2.uepg.br\/prae\/wp-json\/wp\/v2\/posts\/638\/revisions"}],"predecessor-version":[{"id":649,"href":"https:\/\/www2.uepg.br\/prae\/wp-json\/wp\/v2\/posts\/638\/revisions\/649"}],"wp:featuredmedia":[{"embeddable":true,"href":"https:\/\/www2.uepg.br\/prae\/wp-json\/wp\/v2\/media\/639"}],"wp:attachment":[{"href":"https:\/\/www2.uepg.br\/prae\/wp-json\/wp\/v2\/media?parent=638"}],"wp:term":[{"taxonomy":"category","embeddable":true,"href":"https:\/\/www2.uepg.br\/prae\/wp-json\/wp\/v2\/categories?post=638"},{"taxonomy":"post_tag","embeddable":true,"href":"https:\/\/www2.uepg.br\/prae\/wp-json\/wp\/v2\/tags?post=638"}],"curies":[{"name":"wp","href":"https:\/\/api.w.org\/{rel}","templated":true}]}}