{"id":650,"date":"2019-08-20T15:43:01","date_gmt":"2019-08-20T18:43:01","guid":{"rendered":"http:\/\/www2.uepg.br\/prae\/?p=650"},"modified":"2019-08-20T15:43:05","modified_gmt":"2019-08-20T18:43:05","slug":"atendimento-social-e-pedagogico-campus-central","status":"publish","type":"post","link":"https:\/\/www2.uepg.br\/prae\/atendimento-social-e-pedagogico-campus-central\/","title":{"rendered":"ATENDIMENTO SOCIAL E PEDAG\u00d3GICO CAMPUS CENTRAL"},"content":{"rendered":"<p align=\"justify\"><span style=\"color: #000000\"><span style=\"font-family: Arial, sans-serif\"><span style=\"font-size: medium\">A\u00a0Pr\u00f3-Reitoria de Assuntos Estudantis (PRAE) da Universidade Estadual de Ponta Grossa (UEPG) divulga o local, datas e hor\u00e1rios dos plant\u00f5es de atendimento no Campus Central com o apoio da Diretoria de A\u00e7\u00f5es Afirmativas e Diversidade (DAAD).<\/span><\/span><\/span><\/p>\n<p align=\"justify\"><span style=\"color: #000000\"><span style=\"font-family: Arial, sans-serif\"><span style=\"font-size: medium\">O objetivo \u00e9 atender aos alunos e alunas e tamb\u00e9m coordena\u00e7\u00f5es \u00a0de colegiado, professoras e professores que possam ter alguma quest\u00e3o de demanda social ou pedag\u00f3gica e que precisem de orienta\u00e7\u00e3o ou encaminhamento.<\/span><\/span><\/span><\/p>\n<p align=\"justify\"><span style=\"font-family: Arial, sans-serif\"><span style=\"font-size: medium\"><u><span style=\"color: #000000\">Cronograma de atendimento:<\/span><\/u><\/span><\/span><\/p>\n<p align=\"justify\"><span style=\"font-family: Arial, sans-serif\"><span style=\"font-size: medium\"><span style=\"color: #000000\">SALA: 117 \u2013 BLOCO A<\/span><\/span><\/span><\/p>\n<p align=\"justify\"><span style=\"font-family: Arial, sans-serif\"><span style=\"font-size: medium\"><span style=\"color: #000000\">HOR\u00c1RIO: 08:30H \u00c0S 12:00H<\/span><\/span><\/span><\/p>\n<table width=\"643\" cellspacing=\"0\" cellpadding=\"4\">\n<colgroup>\n<col width=\"78\" \/>\n<col width=\"309\" \/>\n<col width=\"230\" \/> <\/colgroup>\n<tbody>\n<tr valign=\"top\">\n<td width=\"78\">\n<p align=\"center\">DATAS<\/p>\n<\/td>\n<td width=\"309\">\n<p align=\"center\">ATENDIMENTO SOCIAL<\/p>\n<\/td>\n<td width=\"230\">\n<p align=\"center\">ATENDIMENTO PEDAG\u00d3GICO<\/p>\n<\/td>\n<\/tr>\n<tr valign=\"top\">\n<td width=\"78\">\n<p align=\"center\">28\/08<\/p>\n<\/td>\n<td width=\"309\"><\/td>\n<td width=\"230\">\n<p align=\"center\"><span style=\"color: #363636\"><span style=\"font-family: Arial, sans-serif\"><span style=\"font-size: small\">Pedagoga Iomara Favoreto<\/span><\/span><\/span><\/p>\n<\/td>\n<\/tr>\n<tr valign=\"top\">\n<td width=\"78\">\n<p align=\"center\">04\/09<\/p>\n<\/td>\n<td width=\"309\">\n<p align=\"center\"><span style=\"color: #363636\"><span style=\"font-family: Arial, sans-serif\"><span style=\"font-size: small\">Assistente Social Cleunice Castorina de Souza<\/span><\/span><\/span><\/p>\n<\/td>\n<td width=\"230\"><\/td>\n<\/tr>\n<tr valign=\"top\">\n<td width=\"78\">\n<p align=\"center\">11\/09<\/p>\n<\/td>\n<td width=\"309\"><\/td>\n<td width=\"230\">\n<p align=\"center\"><span style=\"color: #363636\"><span style=\"font-family: Arial, sans-serif\"><span style=\"font-size: small\">Pedagoga Iomara Favoreto<\/span><\/span><\/span><\/p>\n<\/td>\n<\/tr>\n<tr valign=\"top\">\n<td width=\"78\">\n<p align=\"center\">18\/09<\/p>\n<\/td>\n<td width=\"309\">\n<p align=\"center\"><span style=\"color: #363636\"><span style=\"font-family: Arial, sans-serif\"><span style=\"font-size: small\">Assistente Social Cleunice Castorina de Souza<\/span><\/span><\/span><\/p>\n<\/td>\n<td width=\"230\"><\/td>\n<\/tr>\n<tr valign=\"top\">\n<td width=\"78\">\n<p align=\"center\">25\/09<\/p>\n<\/td>\n<td width=\"309\"><\/td>\n<td width=\"230\">\n<p align=\"center\"><span style=\"color: #363636\"><span style=\"font-family: Arial, sans-serif\"><span style=\"font-size: small\">Pedagoga Iomara Favoreto<\/span><\/span><\/span><\/p>\n<\/td>\n<\/tr>\n<tr valign=\"top\">\n<td width=\"78\">\n<p align=\"center\">02\/10<\/p>\n<\/td>\n<td width=\"309\">\n<p align=\"center\"><span style=\"color: #363636\"><span style=\"font-family: Arial, sans-serif\"><span style=\"font-size: small\">Assistente Social Cleunice Castorina de Souza<\/span><\/span><\/span><\/p>\n<\/td>\n<td width=\"230\"><\/td>\n<\/tr>\n<tr valign=\"top\">\n<td width=\"78\">\n<p align=\"center\">09\/10<\/p>\n<\/td>\n<td width=\"309\"><\/td>\n<td width=\"230\">\n<p align=\"center\"><span style=\"color: #363636\"><span style=\"font-family: Arial, sans-serif\"><span style=\"font-size: small\">Pedagoga Iomara Favoreto<\/span><\/span><\/span><\/p>\n<\/td>\n<\/tr>\n<tr valign=\"top\">\n<td width=\"78\">\n<p align=\"center\">16\/10<\/p>\n<\/td>\n<td width=\"309\">\n<p align=\"center\"><span style=\"color: #363636\"><span style=\"font-family: Arial, sans-serif\"><span style=\"font-size: small\">Assistente Social Cleunice Castorina de Souza<\/span><\/span><\/span><\/p>\n<\/td>\n<td width=\"230\"><\/td>\n<\/tr>\n<tr valign=\"top\">\n<td width=\"78\">\n<p align=\"center\">23\/10<\/p>\n<\/td>\n<td width=\"309\"><\/td>\n<td width=\"230\">\n<p align=\"center\"><span style=\"color: #363636\"><span style=\"font-family: Arial, sans-serif\"><span style=\"font-size: small\">Pedagoga Iomara Favoreto<\/span><\/span><\/span><\/p>\n<\/td>\n<\/tr>\n<tr valign=\"top\">\n<td width=\"78\">\n<p align=\"center\">30\/10<\/p>\n<\/td>\n<td width=\"309\">\n<p align=\"center\"><span style=\"color: #363636\"><span style=\"font-family: Arial, sans-serif\"><span style=\"font-size: small\">Assistente Social Cleunice Castorina de Souza<\/span><\/span><\/span><\/p>\n<\/td>\n<td width=\"230\"><\/td>\n<\/tr>\n<tr valign=\"top\">\n<td width=\"78\">\n<p align=\"center\">06\/11<\/p>\n<\/td>\n<td width=\"309\"><\/td>\n<td width=\"230\">\n<p align=\"center\"><span style=\"color: #363636\"><span style=\"font-family: Arial, sans-serif\"><span style=\"font-size: small\">Pedagoga Iomara Favoreto<\/span><\/span><\/span><\/p>\n<\/td>\n<\/tr>\n<tr valign=\"top\">\n<td width=\"78\">\n<p align=\"center\">13\/11<\/p>\n<\/td>\n<td width=\"309\">\n<p align=\"center\"><span style=\"color: #363636\"><span style=\"font-family: Arial, sans-serif\"><span style=\"font-size: small\">Assistente Social Cleunice Castorina de Souza<\/span><\/span><\/span><\/p>\n<\/td>\n<td width=\"230\"><\/td>\n<\/tr>\n<tr valign=\"top\">\n<td width=\"78\">\n<p align=\"center\">20\/11<\/p>\n<\/td>\n<td width=\"309\"><\/td>\n<td width=\"230\">\n<p align=\"center\"><span style=\"color: #363636\"><span style=\"font-family: Arial, sans-serif\"><span style=\"font-size: small\">Pedagoga Iomara Favoreto<\/span><\/span><\/span><\/p>\n<\/td>\n<\/tr>\n<tr valign=\"top\">\n<td width=\"78\">\n<p align=\"center\">27\/11<\/p>\n<\/td>\n<td width=\"309\">\n<p align=\"center\"><span style=\"color: #363636\"><span style=\"font-family: Arial, sans-serif\"><span style=\"font-size: small\">Assistente Social Cleunice Castorina de Souza<\/span><\/span><\/span><\/p>\n<\/td>\n<td width=\"230\"><\/td>\n<\/tr>\n<\/tbody>\n<\/table>\n","protected":false},"excerpt":{"rendered":"<p>A\u00a0Pr\u00f3-Reitoria de Assuntos Estudantis (PRAE) da Universidade Estadual de Ponta Grossa (UEPG) divulga o local, datas e hor\u00e1rios dos plant\u00f5es de atendimento no Campus Central com o apoio da Diretoria de A\u00e7\u00f5es Afirmativas e Diversidade (DAAD). O objetivo \u00e9 atender aos alunos e alunas e tamb\u00e9m coordena\u00e7\u00f5es \u00a0de colegiado, professoras e professores que possam ter&nbsp;&hellip;<\/p>\n","protected":false},"author":37,"featured_media":652,"comment_status":"open","ping_status":"open","sticky":false,"template":"","format":"standard","meta":[],"categories":[5],"tags":[],"_links":{"self":[{"href":"https:\/\/www2.uepg.br\/prae\/wp-json\/wp\/v2\/posts\/650"}],"collection":[{"href":"https:\/\/www2.uepg.br\/prae\/wp-json\/wp\/v2\/posts"}],"about":[{"href":"https:\/\/www2.uepg.br\/prae\/wp-json\/wp\/v2\/types\/post"}],"author":[{"embeddable":true,"href":"https:\/\/www2.uepg.br\/prae\/wp-json\/wp\/v2\/users\/37"}],"replies":[{"embeddable":true,"href":"https:\/\/www2.uepg.br\/prae\/wp-json\/wp\/v2\/comments?post=650"}],"version-history":[{"count":3,"href":"https:\/\/www2.uepg.br\/prae\/wp-json\/wp\/v2\/posts\/650\/revisions"}],"predecessor-version":[{"id":654,"href":"https:\/\/www2.uepg.br\/prae\/wp-json\/wp\/v2\/posts\/650\/revisions\/654"}],"wp:featuredmedia":[{"embeddable":true,"href":"https:\/\/www2.uepg.br\/prae\/wp-json\/wp\/v2\/media\/652"}],"wp:attachment":[{"href":"https:\/\/www2.uepg.br\/prae\/wp-json\/wp\/v2\/media?parent=650"}],"wp:term":[{"taxonomy":"category","embeddable":true,"href":"https:\/\/www2.uepg.br\/prae\/wp-json\/wp\/v2\/categories?post=650"},{"taxonomy":"post_tag","embeddable":true,"href":"https:\/\/www2.uepg.br\/prae\/wp-json\/wp\/v2\/tags?post=650"}],"curies":[{"name":"wp","href":"https:\/\/api.w.org\/{rel}","templated":true}]}}