{"id":669,"date":"2019-08-28T14:39:49","date_gmt":"2019-08-28T17:39:49","guid":{"rendered":"http:\/\/www2.uepg.br\/prae\/?p=669"},"modified":"2019-08-28T14:47:45","modified_gmt":"2019-08-28T17:47:45","slug":"i-forum-de-discussoes-sobre-identidade-de-genero-na-uepg","status":"publish","type":"post","link":"https:\/\/www2.uepg.br\/prae\/i-forum-de-discussoes-sobre-identidade-de-genero-na-uepg\/","title":{"rendered":"I F\u00f3rum de Discuss\u00f5es sobre Identidade de G\u00eanero na UEPG"},"content":{"rendered":"<p align=\"justify\"><span style=\"font-family: Arial, sans-serif\"><span style=\"font-size: medium\"><img loading=\"lazy\" class=\"wp-image-125 alignleft\" src=\"http:\/\/www2.uepg.br\/prae\/wp-content\/uploads\/sites\/18\/2019\/05\/Prae-fundo-azul-1-300x212.png\" alt=\"\" width=\"216\" height=\"153\" srcset=\"https:\/\/www2.uepg.br\/prae\/wp-content\/uploads\/sites\/18\/2019\/05\/Prae-fundo-azul-1-300x212.png 300w, https:\/\/www2.uepg.br\/prae\/wp-content\/uploads\/sites\/18\/2019\/05\/Prae-fundo-azul-1-768x544.png 768w, https:\/\/www2.uepg.br\/prae\/wp-content\/uploads\/sites\/18\/2019\/05\/Prae-fundo-azul-1-1024x725.png 1024w\" sizes=\"(max-width: 216px) 100vw, 216px\" \/><\/span><\/span><\/p>\n<p align=\"justify\"><span style=\"font-family: Arial, sans-serif\"><span style=\"font-size: medium\">No dia 30 de agosto de 2019 acontece, \u00e0s 13:30h, no Miniaudit\u00f3rio do <i>Campus <\/i>Central da Universidade Estadual de Ponta Grossa \u2013 UEPG, o <b>I F\u00f3rum de Discuss\u00f5es sobre o Reconhecimento da Identidade de G\u00eanero na UEPG<\/b>, com a Palestra: \u201cIdentidade de G\u00eanero: implica\u00e7\u00f5es jur\u00eddicas e pol\u00edticas no contexto universit\u00e1rio\u201d, a ser ministrada pelo Prof. Dilermando Aparecido Borges Martins. <\/span><\/span><\/p>\n<p align=\"justify\"><span style=\"font-family: Arial, sans-serif\"><span style=\"font-size: medium\">\u00a0<\/span><\/span><a href=\"https:\/\/www.diariodoscampos.com.br\/noticia\/identidade-de-genero-sera-tema-de-forum-na-uepg?fbclid=IwAR1WIhFEMDaAlyf4QcVpK2mu3jOQBE0_yqj0murffhblK0_LOMf_1QmyAEc\"><span style=\"font-family: Arial, sans-serif\"><span style=\"font-size: medium\">Mais informa\u00e7\u00f5es<\/span><\/span><\/a><\/p>\n<p align=\"justify\"><a href=\"https:\/\/docs.google.com\/forms\/d\/1RBhiYegxxZKbW3N_ouT56BmRJdUNT7j5MNLVICTW_Jc\/viewform?edit_requested=true\"><span style=\"font-family: Arial, sans-serif\"><span style=\"font-size: medium\">Clique &#8211; inscri\u00e7\u00f5es<\/span><\/span><\/a><\/p>\n","protected":false},"excerpt":{"rendered":"<p>No dia 30 de agosto de 2019 acontece, \u00e0s 13:30h, no Miniaudit\u00f3rio do Campus Central da Universidade Estadual de Ponta Grossa \u2013 UEPG, o I F\u00f3rum de Discuss\u00f5es sobre o Reconhecimento da Identidade de G\u00eanero na UEPG, com a Palestra: \u201cIdentidade de G\u00eanero: implica\u00e7\u00f5es jur\u00eddicas e pol\u00edticas no contexto universit\u00e1rio\u201d, a ser ministrada pelo Prof.&nbsp;&hellip;<\/p>\n","protected":false},"author":37,"featured_media":84,"comment_status":"open","ping_status":"open","sticky":false,"template":"","format":"standard","meta":[],"categories":[5],"tags":[],"_links":{"self":[{"href":"https:\/\/www2.uepg.br\/prae\/wp-json\/wp\/v2\/posts\/669"}],"collection":[{"href":"https:\/\/www2.uepg.br\/prae\/wp-json\/wp\/v2\/posts"}],"about":[{"href":"https:\/\/www2.uepg.br\/prae\/wp-json\/wp\/v2\/types\/post"}],"author":[{"embeddable":true,"href":"https:\/\/www2.uepg.br\/prae\/wp-json\/wp\/v2\/users\/37"}],"replies":[{"embeddable":true,"href":"https:\/\/www2.uepg.br\/prae\/wp-json\/wp\/v2\/comments?post=669"}],"version-history":[{"count":14,"href":"https:\/\/www2.uepg.br\/prae\/wp-json\/wp\/v2\/posts\/669\/revisions"}],"predecessor-version":[{"id":684,"href":"https:\/\/www2.uepg.br\/prae\/wp-json\/wp\/v2\/posts\/669\/revisions\/684"}],"wp:featuredmedia":[{"embeddable":true,"href":"https:\/\/www2.uepg.br\/prae\/wp-json\/wp\/v2\/media\/84"}],"wp:attachment":[{"href":"https:\/\/www2.uepg.br\/prae\/wp-json\/wp\/v2\/media?parent=669"}],"wp:term":[{"taxonomy":"category","embeddable":true,"href":"https:\/\/www2.uepg.br\/prae\/wp-json\/wp\/v2\/categories?post=669"},{"taxonomy":"post_tag","embeddable":true,"href":"https:\/\/www2.uepg.br\/prae\/wp-json\/wp\/v2\/tags?post=669"}],"curies":[{"name":"wp","href":"https:\/\/api.w.org\/{rel}","templated":true}]}}