{"id":685,"date":"2019-08-29T08:41:19","date_gmt":"2019-08-29T11:41:19","guid":{"rendered":"http:\/\/www2.uepg.br\/prae\/?p=685"},"modified":"2019-08-29T09:06:00","modified_gmt":"2019-08-29T12:06:00","slug":"roda-de-conversa-a-curricularizacao-da-extensao","status":"publish","type":"post","link":"https:\/\/www2.uepg.br\/prae\/roda-de-conversa-a-curricularizacao-da-extensao\/","title":{"rendered":"Roda de Conversa dos Estudantes: A Curriculariza\u00e7\u00e3o da Extens\u00e3o"},"content":{"rendered":"<p align=\"center\"><span style=\"font-family: Arial, sans-serif\"><span style=\"font-size: large\"><u><b>C O N V I T E<\/b><\/u><\/span><\/span><\/p>\n<p align=\"justify\"><span style=\"font-family: Arial, sans-serif\"><span style=\"font-size: medium\"><img loading=\"lazy\" class=\"size-medium wp-image-9 alignleft\" src=\"http:\/\/www2.uepg.br\/prae\/wp-content\/uploads\/sites\/18\/2019\/05\/Prae-fundo-azul-e1557924270547-300x212.png\" alt=\"\" width=\"300\" height=\"212\" \/>A Pr\u00f3-Reitoria de Assuntos Estudantis, com o apoio da Diretoria de A\u00e7\u00f5es Afirmativas e Diversidade realizar\u00e1 no dia 02\/09 (segunda-feira), \u00e0s 17 horas o evento: <b>\u201cRoda de Conversa dos Estudantes: A Curriculariza\u00e7\u00e3o da Extens\u00e3o\u201d<\/b>. <\/span><\/span><\/p>\n<p align=\"justify\"><span style=\"font-family: Arial, sans-serif\"><span style=\"font-size: medium\">Informamos que a roda de conversa \u00e9 de livre participa\u00e7\u00e3o dos acad\u00eamicos e ser\u00e1 realizada no <i>Campus <\/i>Central, sob coordena\u00e7\u00e3o da Profa. Ione da Silva Jovino (Sala A-19), e no <i>Campus <\/i>Uvaranas (Anfiteatro do Bloco E), sob a coordena\u00e7\u00e3o da Profa. Silmara Carneiro e Silva.<\/span><\/span><\/p>\n<p align=\"justify\"><span style=\"font-family: Arial, sans-serif\"><span style=\"font-size: medium\"> Convidamos todos a participarem<\/span><\/span><\/p>\n<p align=\"justify\">\n","protected":false},"excerpt":{"rendered":"<p>C O N V I T E A Pr\u00f3-Reitoria de Assuntos Estudantis, com o apoio da Diretoria de A\u00e7\u00f5es Afirmativas e Diversidade realizar\u00e1 no dia 02\/09 (segunda-feira), \u00e0s 17 horas o evento: \u201cRoda de Conversa dos Estudantes: A Curriculariza\u00e7\u00e3o da Extens\u00e3o\u201d. Informamos que a roda de conversa \u00e9 de livre participa\u00e7\u00e3o dos acad\u00eamicos e ser\u00e1&nbsp;&hellip;<\/p>\n","protected":false},"author":37,"featured_media":370,"comment_status":"open","ping_status":"open","sticky":false,"template":"","format":"standard","meta":[],"categories":[5],"tags":[],"_links":{"self":[{"href":"https:\/\/www2.uepg.br\/prae\/wp-json\/wp\/v2\/posts\/685"}],"collection":[{"href":"https:\/\/www2.uepg.br\/prae\/wp-json\/wp\/v2\/posts"}],"about":[{"href":"https:\/\/www2.uepg.br\/prae\/wp-json\/wp\/v2\/types\/post"}],"author":[{"embeddable":true,"href":"https:\/\/www2.uepg.br\/prae\/wp-json\/wp\/v2\/users\/37"}],"replies":[{"embeddable":true,"href":"https:\/\/www2.uepg.br\/prae\/wp-json\/wp\/v2\/comments?post=685"}],"version-history":[{"count":4,"href":"https:\/\/www2.uepg.br\/prae\/wp-json\/wp\/v2\/posts\/685\/revisions"}],"predecessor-version":[{"id":690,"href":"https:\/\/www2.uepg.br\/prae\/wp-json\/wp\/v2\/posts\/685\/revisions\/690"}],"wp:featuredmedia":[{"embeddable":true,"href":"https:\/\/www2.uepg.br\/prae\/wp-json\/wp\/v2\/media\/370"}],"wp:attachment":[{"href":"https:\/\/www2.uepg.br\/prae\/wp-json\/wp\/v2\/media?parent=685"}],"wp:term":[{"taxonomy":"category","embeddable":true,"href":"https:\/\/www2.uepg.br\/prae\/wp-json\/wp\/v2\/categories?post=685"},{"taxonomy":"post_tag","embeddable":true,"href":"https:\/\/www2.uepg.br\/prae\/wp-json\/wp\/v2\/tags?post=685"}],"curies":[{"name":"wp","href":"https:\/\/api.w.org\/{rel}","templated":true}]}}