{"id":691,"date":"2019-08-29T16:36:58","date_gmt":"2019-08-29T19:36:58","guid":{"rendered":"http:\/\/www2.uepg.br\/prae\/?p=691"},"modified":"2019-08-29T16:46:04","modified_gmt":"2019-08-29T19:46:04","slug":"resultado-para-comunidade","status":"publish","type":"post","link":"https:\/\/www2.uepg.br\/prae\/resultado-para-comunidade\/","title":{"rendered":"Resultado Isen\u00e7\u00e3o da Taxa de Inscri\u00e7\u00e3o Vestibular de Ver\u00e3o 2019"},"content":{"rendered":"<p align=\"center\"><span style=\"font-family: Arial, sans-serif\"><span style=\"font-size: medium\"><b><img loading=\"lazy\" class=\" wp-image-9 alignleft\" src=\"http:\/\/www2.uepg.br\/prae\/wp-content\/uploads\/sites\/18\/2019\/05\/Prae-fundo-azul-e1557924270547-300x212.png\" alt=\"\" width=\"254\" height=\"180\" \/>Resultado para Comunidade <\/b><\/span><\/span><\/p>\n<p align=\"justify\"><span style=\"font-family: Arial, sans-serif\"><span style=\"font-size: medium\">Rela\u00e7\u00e3o dos candidatos que tiveram seus pedidos de Isen\u00e7\u00e3o da Taxa de Inscri\u00e7\u00e3o DEFERIDOS para o 2\u00ba Concurso Vestibular Ver\u00e3o \u2013 2019. <\/span><\/span><a href=\"https:\/\/www2.uepg.br\/\/prae\/wp-content\/uploads\/sites\/18\/2019\/08\/CAOE-EditaldosDeferidos.pdf\"><span style=\"font-family: Arial, sans-serif\"><span style=\"font-size: medium\">Clique<\/span><\/span><\/a><\/p>\n","protected":false},"excerpt":{"rendered":"<p>Resultado para Comunidade Rela\u00e7\u00e3o dos candidatos que tiveram seus pedidos de Isen\u00e7\u00e3o da Taxa de Inscri\u00e7\u00e3o DEFERIDOS para o 2\u00ba Concurso Vestibular Ver\u00e3o \u2013 2019. Clique<\/p>\n","protected":false},"author":37,"featured_media":82,"comment_status":"open","ping_status":"open","sticky":false,"template":"","format":"standard","meta":[],"categories":[5],"tags":[],"_links":{"self":[{"href":"https:\/\/www2.uepg.br\/prae\/wp-json\/wp\/v2\/posts\/691"}],"collection":[{"href":"https:\/\/www2.uepg.br\/prae\/wp-json\/wp\/v2\/posts"}],"about":[{"href":"https:\/\/www2.uepg.br\/prae\/wp-json\/wp\/v2\/types\/post"}],"author":[{"embeddable":true,"href":"https:\/\/www2.uepg.br\/prae\/wp-json\/wp\/v2\/users\/37"}],"replies":[{"embeddable":true,"href":"https:\/\/www2.uepg.br\/prae\/wp-json\/wp\/v2\/comments?post=691"}],"version-history":[{"count":5,"href":"https:\/\/www2.uepg.br\/prae\/wp-json\/wp\/v2\/posts\/691\/revisions"}],"predecessor-version":[{"id":700,"href":"https:\/\/www2.uepg.br\/prae\/wp-json\/wp\/v2\/posts\/691\/revisions\/700"}],"wp:featuredmedia":[{"embeddable":true,"href":"https:\/\/www2.uepg.br\/prae\/wp-json\/wp\/v2\/media\/82"}],"wp:attachment":[{"href":"https:\/\/www2.uepg.br\/prae\/wp-json\/wp\/v2\/media?parent=691"}],"wp:term":[{"taxonomy":"category","embeddable":true,"href":"https:\/\/www2.uepg.br\/prae\/wp-json\/wp\/v2\/categories?post=691"},{"taxonomy":"post_tag","embeddable":true,"href":"https:\/\/www2.uepg.br\/prae\/wp-json\/wp\/v2\/tags?post=691"}],"curies":[{"name":"wp","href":"https:\/\/api.w.org\/{rel}","templated":true}]}}