{"id":714,"date":"2019-09-04T16:30:04","date_gmt":"2019-09-04T19:30:04","guid":{"rendered":"http:\/\/www2.uepg.br\/prae\/?p=714"},"modified":"2019-09-06T15:42:56","modified_gmt":"2019-09-06T18:42:56","slug":"edital-prae-no-14-2019-isencao-desconto-servidores-e-dependentes-resultado-uepg","status":"publish","type":"post","link":"https:\/\/www2.uepg.br\/prae\/edital-prae-no-14-2019-isencao-desconto-servidores-e-dependentes-resultado-uepg\/","title":{"rendered":"Resultado &#8211; Isen\u00e7\u00e3o\/Desconto Servidores e Dependentes da Taxa de Inscri\u00e7\u00e3o Vestibular de Ver\u00e3o 2019"},"content":{"rendered":"<p align=\"justify\"><span style=\"font-family: Arial, sans-serif\"><span style=\"font-size: medium\"><img loading=\"lazy\" class=\"size-medium wp-image-125 alignleft\" src=\"http:\/\/www2.uepg.br\/prae\/wp-content\/uploads\/sites\/18\/2019\/05\/Prae-fundo-azul-1-300x212.png\" alt=\"\" width=\"300\" height=\"212\" srcset=\"https:\/\/www2.uepg.br\/prae\/wp-content\/uploads\/sites\/18\/2019\/05\/Prae-fundo-azul-1-300x212.png 300w, https:\/\/www2.uepg.br\/prae\/wp-content\/uploads\/sites\/18\/2019\/05\/Prae-fundo-azul-1-768x544.png 768w, https:\/\/www2.uepg.br\/prae\/wp-content\/uploads\/sites\/18\/2019\/05\/Prae-fundo-azul-1-1024x725.png 1024w\" sizes=\"(max-width: 300px) 100vw, 300px\" \/>A Pr\u00f3- Reitoria de Assuntos Estudantis &#8211; PRAE, em atendimento a Resolu\u00e7\u00e3o CA n\u00ba 684\/2013, com base em an\u00e1lise procedida pela Coordenadoria de Processos de Sele\u00e7\u00e3o (CPS), torna p\u00fablica a rela\u00e7\u00e3o dos SERVIDORES DA UEPG E DEPENDENTES LEGAIS, que tiveram deferidos ou indeferidos seus pedidos de ISEN\u00c7\u00c3O TOTAL ou PARCIAL do pagamento da taxa de inscri\u00e7\u00e3o do Vestibular de Ver\u00e3o 2019. <a href=\"https:\/\/www2.uepg.br\/\/prae\/wp-content\/uploads\/sites\/18\/2019\/09\/Edital-Isen%c3%a7%c3%a3o-Servidores-Resultado-UEPG.doc-2019.pdf\">clique<\/a><\/span><\/span><\/p>\n","protected":false},"excerpt":{"rendered":"<p>A Pr\u00f3- Reitoria de Assuntos Estudantis &#8211; PRAE, em atendimento a Resolu\u00e7\u00e3o CA n\u00ba 684\/2013, com base em an\u00e1lise procedida pela Coordenadoria de Processos de Sele\u00e7\u00e3o (CPS), torna p\u00fablica a rela\u00e7\u00e3o dos SERVIDORES DA UEPG E DEPENDENTES LEGAIS, que tiveram deferidos ou indeferidos seus pedidos de ISEN\u00c7\u00c3O TOTAL ou PARCIAL do pagamento da taxa de&nbsp;&hellip;<\/p>\n","protected":false},"author":37,"featured_media":0,"comment_status":"open","ping_status":"open","sticky":false,"template":"","format":"standard","meta":[],"categories":[5],"tags":[],"_links":{"self":[{"href":"https:\/\/www2.uepg.br\/prae\/wp-json\/wp\/v2\/posts\/714"}],"collection":[{"href":"https:\/\/www2.uepg.br\/prae\/wp-json\/wp\/v2\/posts"}],"about":[{"href":"https:\/\/www2.uepg.br\/prae\/wp-json\/wp\/v2\/types\/post"}],"author":[{"embeddable":true,"href":"https:\/\/www2.uepg.br\/prae\/wp-json\/wp\/v2\/users\/37"}],"replies":[{"embeddable":true,"href":"https:\/\/www2.uepg.br\/prae\/wp-json\/wp\/v2\/comments?post=714"}],"version-history":[{"count":3,"href":"https:\/\/www2.uepg.br\/prae\/wp-json\/wp\/v2\/posts\/714\/revisions"}],"predecessor-version":[{"id":720,"href":"https:\/\/www2.uepg.br\/prae\/wp-json\/wp\/v2\/posts\/714\/revisions\/720"}],"wp:attachment":[{"href":"https:\/\/www2.uepg.br\/prae\/wp-json\/wp\/v2\/media?parent=714"}],"wp:term":[{"taxonomy":"category","embeddable":true,"href":"https:\/\/www2.uepg.br\/prae\/wp-json\/wp\/v2\/categories?post=714"},{"taxonomy":"post_tag","embeddable":true,"href":"https:\/\/www2.uepg.br\/prae\/wp-json\/wp\/v2\/tags?post=714"}],"curies":[{"name":"wp","href":"https:\/\/api.w.org\/{rel}","templated":true}]}}