{"id":784,"date":"2019-10-09T08:34:07","date_gmt":"2019-10-09T11:34:07","guid":{"rendered":"http:\/\/www2.uepg.br\/prae\/?p=784"},"modified":"2019-10-09T08:34:07","modified_gmt":"2019-10-09T11:34:07","slug":"politica-estudantil-coletiva","status":"publish","type":"post","link":"https:\/\/www2.uepg.br\/prae\/politica-estudantil-coletiva\/","title":{"rendered":"Pol\u00edtica Estudantil Coletiva"},"content":{"rendered":"<p align=\"justify\"><span style=\"color: #1c1e21\"><span style=\"font-family: Arial, sans-serif\"><span style=\"font-size: medium\"><img loading=\"lazy\" class=\" wp-image-9 alignleft\" src=\"http:\/\/www2.uepg.br\/prae\/wp-content\/uploads\/sites\/18\/2019\/05\/Prae-fundo-azul-e1557924270547-300x212.png\" alt=\"\" width=\"271\" height=\"191\" \/>Com os representantes do DCE \u2013 Diret\u00f3rio Central de Estudantes e da Associa\u00e7\u00e3o dos Estudantes de P\u00f3s-Gradua\u00e7\u00e3o da Universidade Estadual de Ponta Grossa, a PRAE &#8211; Pr\u00f3-Reitoria de Assuntos Estudantis, abre novos di\u00e1logos com os estudantes, visando uma pol\u00edtica estudantil coletiva.<\/span><\/span><\/span><\/p>\n","protected":false},"excerpt":{"rendered":"<p>Com os representantes do DCE \u2013 Diret\u00f3rio Central de Estudantes e da Associa\u00e7\u00e3o dos Estudantes de P\u00f3s-Gradua\u00e7\u00e3o da Universidade Estadual de Ponta Grossa, a PRAE &#8211; Pr\u00f3-Reitoria de Assuntos Estudantis, abre novos di\u00e1logos com os estudantes, visando uma pol\u00edtica estudantil coletiva.<\/p>\n","protected":false},"author":37,"featured_media":785,"comment_status":"open","ping_status":"open","sticky":false,"template":"","format":"standard","meta":[],"categories":[5],"tags":[],"_links":{"self":[{"href":"https:\/\/www2.uepg.br\/prae\/wp-json\/wp\/v2\/posts\/784"}],"collection":[{"href":"https:\/\/www2.uepg.br\/prae\/wp-json\/wp\/v2\/posts"}],"about":[{"href":"https:\/\/www2.uepg.br\/prae\/wp-json\/wp\/v2\/types\/post"}],"author":[{"embeddable":true,"href":"https:\/\/www2.uepg.br\/prae\/wp-json\/wp\/v2\/users\/37"}],"replies":[{"embeddable":true,"href":"https:\/\/www2.uepg.br\/prae\/wp-json\/wp\/v2\/comments?post=784"}],"version-history":[{"count":1,"href":"https:\/\/www2.uepg.br\/prae\/wp-json\/wp\/v2\/posts\/784\/revisions"}],"predecessor-version":[{"id":786,"href":"https:\/\/www2.uepg.br\/prae\/wp-json\/wp\/v2\/posts\/784\/revisions\/786"}],"wp:featuredmedia":[{"embeddable":true,"href":"https:\/\/www2.uepg.br\/prae\/wp-json\/wp\/v2\/media\/785"}],"wp:attachment":[{"href":"https:\/\/www2.uepg.br\/prae\/wp-json\/wp\/v2\/media?parent=784"}],"wp:term":[{"taxonomy":"category","embeddable":true,"href":"https:\/\/www2.uepg.br\/prae\/wp-json\/wp\/v2\/categories?post=784"},{"taxonomy":"post_tag","embeddable":true,"href":"https:\/\/www2.uepg.br\/prae\/wp-json\/wp\/v2\/tags?post=784"}],"curies":[{"name":"wp","href":"https:\/\/api.w.org\/{rel}","templated":true}]}}