{"id":787,"date":"2019-10-09T09:13:26","date_gmt":"2019-10-09T12:13:26","guid":{"rendered":"http:\/\/www2.uepg.br\/prae\/?p=787"},"modified":"2019-10-09T09:13:26","modified_gmt":"2019-10-09T12:13:26","slug":"planejamento-espaco-coletivo-dos-estudantes-indigenas-uepg","status":"publish","type":"post","link":"https:\/\/www2.uepg.br\/prae\/planejamento-espaco-coletivo-dos-estudantes-indigenas-uepg\/","title":{"rendered":"Planejamento &#8211; Espa\u00e7o Coletivo dos Estudantes Ind\u00edgenas &#8211; UEPG"},"content":{"rendered":"<p align=\"justify\"><span style=\"color: #1c1e21\"><span style=\"font-family: Arial, sans-serif\"><span style=\"font-size: medium\"><img loading=\"lazy\" class=\" wp-image-125 alignleft\" src=\"http:\/\/www2.uepg.br\/prae\/wp-content\/uploads\/sites\/18\/2019\/05\/Prae-fundo-azul-1-300x212.png\" alt=\"\" width=\"260\" height=\"184\" srcset=\"https:\/\/www2.uepg.br\/prae\/wp-content\/uploads\/sites\/18\/2019\/05\/Prae-fundo-azul-1-300x212.png 300w, https:\/\/www2.uepg.br\/prae\/wp-content\/uploads\/sites\/18\/2019\/05\/Prae-fundo-azul-1-768x544.png 768w, https:\/\/www2.uepg.br\/prae\/wp-content\/uploads\/sites\/18\/2019\/05\/Prae-fundo-azul-1-1024x725.png 1024w\" sizes=\"(max-width: 260px) 100vw, 260px\" \/>Dia de Planejamento com a Pr\u00f3-Reitoria de Assuntos Estudantis \u2013 PRAE e a Diretoria de A\u00e7\u00f5es Afirmativas e Diversidade &#8211; DAAD no Espa\u00e7o Coletivo dos Estudantes Ind\u00edgenas &#8211; ECEI da Universidade Estadual de Ponta Grossa.<\/span><\/span><\/span><\/p>\n","protected":false},"excerpt":{"rendered":"<p>Dia de Planejamento com a Pr\u00f3-Reitoria de Assuntos Estudantis \u2013 PRAE e a Diretoria de A\u00e7\u00f5es Afirmativas e Diversidade &#8211; DAAD no Espa\u00e7o Coletivo dos Estudantes Ind\u00edgenas &#8211; ECEI da Universidade Estadual de Ponta Grossa.<\/p>\n","protected":false},"author":37,"featured_media":788,"comment_status":"open","ping_status":"open","sticky":false,"template":"","format":"standard","meta":[],"categories":[5],"tags":[],"_links":{"self":[{"href":"https:\/\/www2.uepg.br\/prae\/wp-json\/wp\/v2\/posts\/787"}],"collection":[{"href":"https:\/\/www2.uepg.br\/prae\/wp-json\/wp\/v2\/posts"}],"about":[{"href":"https:\/\/www2.uepg.br\/prae\/wp-json\/wp\/v2\/types\/post"}],"author":[{"embeddable":true,"href":"https:\/\/www2.uepg.br\/prae\/wp-json\/wp\/v2\/users\/37"}],"replies":[{"embeddable":true,"href":"https:\/\/www2.uepg.br\/prae\/wp-json\/wp\/v2\/comments?post=787"}],"version-history":[{"count":1,"href":"https:\/\/www2.uepg.br\/prae\/wp-json\/wp\/v2\/posts\/787\/revisions"}],"predecessor-version":[{"id":789,"href":"https:\/\/www2.uepg.br\/prae\/wp-json\/wp\/v2\/posts\/787\/revisions\/789"}],"wp:featuredmedia":[{"embeddable":true,"href":"https:\/\/www2.uepg.br\/prae\/wp-json\/wp\/v2\/media\/788"}],"wp:attachment":[{"href":"https:\/\/www2.uepg.br\/prae\/wp-json\/wp\/v2\/media?parent=787"}],"wp:term":[{"taxonomy":"category","embeddable":true,"href":"https:\/\/www2.uepg.br\/prae\/wp-json\/wp\/v2\/categories?post=787"},{"taxonomy":"post_tag","embeddable":true,"href":"https:\/\/www2.uepg.br\/prae\/wp-json\/wp\/v2\/tags?post=787"}],"curies":[{"name":"wp","href":"https:\/\/api.w.org\/{rel}","templated":true}]}}