{"id":794,"date":"2019-10-15T08:21:17","date_gmt":"2019-10-15T11:21:17","guid":{"rendered":"http:\/\/www2.uepg.br\/prae\/?p=794"},"modified":"2019-10-15T08:26:14","modified_gmt":"2019-10-15T11:26:14","slug":"curso-de-odontologia-forma-o-primeiro-academico-indigena-da-uepgfende","status":"publish","type":"post","link":"https:\/\/www2.uepg.br\/prae\/curso-de-odontologia-forma-o-primeiro-academico-indigena-da-uepgfende\/","title":{"rendered":"Odontologia forma o seu primeiro acad\u00eamico Ind\u00edgena"},"content":{"rendered":"<p align=\"justify\"><span style=\"font-family: Arial, sans-serif\"><span style=\"font-size: medium\"><img loading=\"lazy\" class=\"size-medium wp-image-125 alignleft\" src=\"http:\/\/www2.uepg.br\/prae\/wp-content\/uploads\/sites\/18\/2019\/05\/Prae-fundo-azul-1-300x212.png\" alt=\"\" width=\"300\" height=\"212\" srcset=\"https:\/\/www2.uepg.br\/prae\/wp-content\/uploads\/sites\/18\/2019\/05\/Prae-fundo-azul-1-300x212.png 300w, https:\/\/www2.uepg.br\/prae\/wp-content\/uploads\/sites\/18\/2019\/05\/Prae-fundo-azul-1-768x544.png 768w, https:\/\/www2.uepg.br\/prae\/wp-content\/uploads\/sites\/18\/2019\/05\/Prae-fundo-azul-1-1024x725.png 1024w\" sizes=\"(max-width: 300px) 100vw, 300px\" \/>Nesta sexta (11), Renato, que \u00e9 da etnia kaingang, defendeu o trabalho \u201cAdapta\u00e7\u00e3o transcultural e tradu\u00e7\u00e3o de material educativo em sa\u00fade bucal para l\u00edngua Kaingang\u201d, como o primeiro ind\u00edgena a defender um trabalho de conclus\u00e3o de curso em Odontologia na Institui\u00e7\u00e3o, representa um marco das a\u00e7\u00f5es afirmativas e diversidade da Universidade Estadual de Ponta Grossa. <a href=\"https:\/\/www.uepg.br\/primeiro-indigena-defende-tcc-no-curso-de-odontologia-da-uepg\/?fbclid=IwAR1C08KtTcRRpiR7kujH989D_KFn9inuQlXnew-G_voRP8YQyHRG4suV-NU\">Leia mais<\/a><\/span><\/span><\/p>\n","protected":false},"excerpt":{"rendered":"<p>Nesta sexta (11), Renato, que \u00e9 da etnia kaingang, defendeu o trabalho \u201cAdapta\u00e7\u00e3o transcultural e tradu\u00e7\u00e3o de material educativo em sa\u00fade bucal para l\u00edngua Kaingang\u201d, como o primeiro ind\u00edgena a defender um trabalho de conclus\u00e3o de curso em Odontologia na Institui\u00e7\u00e3o, representa um marco das a\u00e7\u00f5es afirmativas e diversidade da Universidade Estadual de Ponta Grossa.&nbsp;&hellip;<\/p>\n","protected":false},"author":37,"featured_media":795,"comment_status":"open","ping_status":"open","sticky":false,"template":"","format":"standard","meta":[],"categories":[5],"tags":[],"_links":{"self":[{"href":"https:\/\/www2.uepg.br\/prae\/wp-json\/wp\/v2\/posts\/794"}],"collection":[{"href":"https:\/\/www2.uepg.br\/prae\/wp-json\/wp\/v2\/posts"}],"about":[{"href":"https:\/\/www2.uepg.br\/prae\/wp-json\/wp\/v2\/types\/post"}],"author":[{"embeddable":true,"href":"https:\/\/www2.uepg.br\/prae\/wp-json\/wp\/v2\/users\/37"}],"replies":[{"embeddable":true,"href":"https:\/\/www2.uepg.br\/prae\/wp-json\/wp\/v2\/comments?post=794"}],"version-history":[{"count":6,"href":"https:\/\/www2.uepg.br\/prae\/wp-json\/wp\/v2\/posts\/794\/revisions"}],"predecessor-version":[{"id":801,"href":"https:\/\/www2.uepg.br\/prae\/wp-json\/wp\/v2\/posts\/794\/revisions\/801"}],"wp:featuredmedia":[{"embeddable":true,"href":"https:\/\/www2.uepg.br\/prae\/wp-json\/wp\/v2\/media\/795"}],"wp:attachment":[{"href":"https:\/\/www2.uepg.br\/prae\/wp-json\/wp\/v2\/media?parent=794"}],"wp:term":[{"taxonomy":"category","embeddable":true,"href":"https:\/\/www2.uepg.br\/prae\/wp-json\/wp\/v2\/categories?post=794"},{"taxonomy":"post_tag","embeddable":true,"href":"https:\/\/www2.uepg.br\/prae\/wp-json\/wp\/v2\/tags?post=794"}],"curies":[{"name":"wp","href":"https:\/\/api.w.org\/{rel}","templated":true}]}}