{"id":802,"date":"2019-10-15T16:48:41","date_gmt":"2019-10-15T19:48:41","guid":{"rendered":"http:\/\/www2.uepg.br\/prae\/?p=802"},"modified":"2019-10-15T16:48:41","modified_gmt":"2019-10-15T19:48:41","slug":"novembro-negro","status":"publish","type":"post","link":"https:\/\/www2.uepg.br\/prae\/novembro-negro\/","title":{"rendered":"Novembro NEGRO"},"content":{"rendered":"<p align=\"justify\"><b><span style=\"font-size: xx-large\"><img loading=\"lazy\" class=\"size-medium wp-image-125 alignleft\" src=\"http:\/\/www2.uepg.br\/prae\/wp-content\/uploads\/sites\/18\/2019\/05\/Prae-fundo-azul-1-300x212.png\" alt=\"\" width=\"300\" height=\"212\" srcset=\"https:\/\/www2.uepg.br\/prae\/wp-content\/uploads\/sites\/18\/2019\/05\/Prae-fundo-azul-1-300x212.png 300w, https:\/\/www2.uepg.br\/prae\/wp-content\/uploads\/sites\/18\/2019\/05\/Prae-fundo-azul-1-768x544.png 768w, https:\/\/www2.uepg.br\/prae\/wp-content\/uploads\/sites\/18\/2019\/05\/Prae-fundo-azul-1-1024x725.png 1024w\" sizes=\"(max-width: 300px) 100vw, 300px\" \/>+<\/span><span style=\"font-family: Arial, sans-serif\"><span style=\"font-size: medium\"> IGUALDADE: Minha voz eu uso para dizer o que se cala<\/span><\/span><\/b><\/p>\n<p align=\"justify\"><span style=\"font-family: Arial, sans-serif\"><span style=\"font-size: medium\">No dia 29 de outubro de 2019 (Grande Audit\u00f3rio <\/span><\/span><span style=\"font-family: Arial, sans-serif\"><span style=\"font-size: medium\"><i>Campus<\/i><\/span><\/span><span style=\"font-family: Arial, sans-serif\"><span style=\"font-size: medium\"> Central &#8211; UEPG).<\/span><\/span><\/p>\n<p align=\"justify\"><span style=\"font-family: Arial, sans-serif\"><span style=\"font-size: medium\">Confira a programa\u00e7\u00e3o:<\/span><\/span><\/p>\n<p align=\"justify\"><span style=\"font-family: Arial, sans-serif\"><span style=\"font-size: medium\">8:00h \u2013 Credenciamento.<\/span><\/span><\/p>\n<p align=\"justify\"><span style=\"font-family: Arial, sans-serif\"><span style=\"font-size: medium\">8:30min \u2013 Coffe Break.<\/span><\/span><\/p>\n<p align=\"justify\"><span style=\"font-family: Arial, sans-serif\"><span style=\"font-size: medium\">8:50min \u2013 Momento Cultural.<\/span><\/span><\/p>\n<p align=\"justify\"><span style=\"font-family: Arial, sans-serif\"><span style=\"font-size: medium\">9:00h \u2013 Abertura da Mesa de autoridades.<\/span><\/span><\/p>\n<p align=\"justify\"><span style=\"font-family: Arial, sans-serif\"><span style=\"font-size: medium\">9:40min \u2013 Palestra: O Desafio em ser crian\u00e7a\/adolescente negro no Brasil sob o olhar do Conselho Tutelar. Palestrante: Conselheira Tutelar: Michelly B. Markowcz<\/span><\/span><\/p>\n<p align=\"justify\"><span style=\"font-family: Arial, sans-serif\"><span style=\"font-size: medium\">10:20min &#8211; Palestra: Dia da Consci\u00eancia Negra, cotas e pol\u00edticas de a\u00e7\u00f5es afirmativas. Palestrante: Profa. Dra. Ione da Silva Jovino, Pr\u00f3-Reitora de Assuntos Estudantis \u2013 UEPG.<\/span><\/span><\/p>\n<p align=\"justify\"><span style=\"font-family: Arial, sans-serif\"><span style=\"font-size: medium\">11:00h \u2013 Relatos e Debate de experi\u00eancias de acad\u00eamicos cotistas.<\/span><\/span><\/p>\n<p align=\"justify\"><span style=\"font-family: Arial, sans-serif\"><span style=\"font-size: medium\">12:00h &#8211; Encerramento.<\/span><\/span><\/p>\n","protected":false},"excerpt":{"rendered":"<p>+ IGUALDADE: Minha voz eu uso para dizer o que se cala No dia 29 de outubro de 2019 (Grande Audit\u00f3rio Campus Central &#8211; UEPG). Confira a programa\u00e7\u00e3o: 8:00h \u2013 Credenciamento. 8:30min \u2013 Coffe Break. 8:50min \u2013 Momento Cultural. 9:00h \u2013 Abertura da Mesa de autoridades. 9:40min \u2013 Palestra: O Desafio em ser crian\u00e7a\/adolescente negro&nbsp;&hellip;<\/p>\n","protected":false},"author":37,"featured_media":803,"comment_status":"open","ping_status":"open","sticky":false,"template":"","format":"standard","meta":[],"categories":[5],"tags":[],"_links":{"self":[{"href":"https:\/\/www2.uepg.br\/prae\/wp-json\/wp\/v2\/posts\/802"}],"collection":[{"href":"https:\/\/www2.uepg.br\/prae\/wp-json\/wp\/v2\/posts"}],"about":[{"href":"https:\/\/www2.uepg.br\/prae\/wp-json\/wp\/v2\/types\/post"}],"author":[{"embeddable":true,"href":"https:\/\/www2.uepg.br\/prae\/wp-json\/wp\/v2\/users\/37"}],"replies":[{"embeddable":true,"href":"https:\/\/www2.uepg.br\/prae\/wp-json\/wp\/v2\/comments?post=802"}],"version-history":[{"count":1,"href":"https:\/\/www2.uepg.br\/prae\/wp-json\/wp\/v2\/posts\/802\/revisions"}],"predecessor-version":[{"id":804,"href":"https:\/\/www2.uepg.br\/prae\/wp-json\/wp\/v2\/posts\/802\/revisions\/804"}],"wp:featuredmedia":[{"embeddable":true,"href":"https:\/\/www2.uepg.br\/prae\/wp-json\/wp\/v2\/media\/803"}],"wp:attachment":[{"href":"https:\/\/www2.uepg.br\/prae\/wp-json\/wp\/v2\/media?parent=802"}],"wp:term":[{"taxonomy":"category","embeddable":true,"href":"https:\/\/www2.uepg.br\/prae\/wp-json\/wp\/v2\/categories?post=802"},{"taxonomy":"post_tag","embeddable":true,"href":"https:\/\/www2.uepg.br\/prae\/wp-json\/wp\/v2\/tags?post=802"}],"curies":[{"name":"wp","href":"https:\/\/api.w.org\/{rel}","templated":true}]}}