{"id":805,"date":"2019-10-16T15:35:32","date_gmt":"2019-10-16T18:35:32","guid":{"rendered":"http:\/\/www2.uepg.br\/prae\/?p=805"},"modified":"2019-10-16T15:35:32","modified_gmt":"2019-10-16T18:35:32","slug":"consulta-publica-sobre-politica-de-cotas-uepg","status":"publish","type":"post","link":"https:\/\/www2.uepg.br\/prae\/consulta-publica-sobre-politica-de-cotas-uepg\/","title":{"rendered":"Consulta P\u00fablica sobre Pol\u00edtica de Cotas &#8211; UEPG"},"content":{"rendered":"<p align=\"justify\"><span style=\"font-family: Arial, sans-serif\"><span style=\"font-size: medium\"><span style=\"color: #333234\"><b><img loading=\"lazy\" class=\"size-medium wp-image-9 alignleft\" src=\"http:\/\/www2.uepg.br\/prae\/wp-content\/uploads\/sites\/18\/2019\/05\/Prae-fundo-azul-e1557924270547-300x212.png\" alt=\"\" width=\"300\" height=\"212\" \/>CONVIDAMOS<\/b><\/span><span style=\"color: #333234\"> toda a comunidade universit\u00e1ria a participar da Pesquisa P\u00fablica sobre a Pol\u00edtica de Cotas \u2013 UEPG. N<\/span><span style=\"color: #333234\">este momento \u00e9 fundamental para que a <\/span><span style=\"color: #333234\">institui\u00e7\u00e3o<\/span><span style=\"color: #333234\"> desenvolva uma avalia\u00e7\u00e3o que atenda, de forma ampla e global, \u00e0s expectativas e auxilie no aprimoramento das a\u00e7\u00f5es de pol\u00edtica afirmativa.<\/span><\/span><\/span><\/p>\n<p align=\"justify\"><span style=\"color: #333234\"><span style=\"font-family: Roboto, Helvetica, Arial, sans-serif\"><span style=\"font-size: medium\">Como participar?<\/span><\/span><\/span><\/p>\n<p align=\"justify\"><span style=\"color: #333234\"><span style=\"font-family: Roboto, Helvetica, Arial, sans-serif\"><span style=\"font-size: medium\">Colabore respondendo o question\u00e1rio: <\/span><\/span><\/span><a href=\"https:\/\/avaliacoes.uepg.br\/index.php\/284359\/newtest\/Y\"><span style=\"color: #333234\"><span style=\"font-family: Roboto, Helvetica, Arial, sans-serif\"><span style=\"font-size: medium\">Clique<\/span><\/span><\/span><\/a><\/p>\n<p align=\"justify\"><span style=\"color: #333234\"><span style=\"font-family: Roboto, Helvetica, Arial, sans-serif\"><span style=\"font-size: medium\">A <\/span><\/span><\/span><span style=\"color: #333234\"><span style=\"font-family: Roboto, Helvetica, Arial, sans-serif\"><span style=\"font-size: medium\">Professora Dra. Ione da Silva Jovino, Pr\u00f3-Reitora de Assuntos Estudantis-PRAE, fala sobre o tema, acompanhe pelo Canal da Pr\u00f3-Reitoria de Assuntos Estudantis: <a href=\"https:\/\/www.youtube.com\/watch?v=FGVdebfYqOA&amp;t=3s\">Praeuepg 2019<\/a><\/span><\/span><\/span><\/p>\n<p align=\"justify\">\n","protected":false},"excerpt":{"rendered":"<p>CONVIDAMOS toda a comunidade universit\u00e1ria a participar da Pesquisa P\u00fablica sobre a Pol\u00edtica de Cotas \u2013 UEPG. Neste momento \u00e9 fundamental para que a institui\u00e7\u00e3o desenvolva uma avalia\u00e7\u00e3o que atenda, de forma ampla e global, \u00e0s expectativas e auxilie no aprimoramento das a\u00e7\u00f5es de pol\u00edtica afirmativa. Como participar? Colabore respondendo o question\u00e1rio: Clique A Professora&nbsp;&hellip;<\/p>\n","protected":false},"author":37,"featured_media":756,"comment_status":"open","ping_status":"open","sticky":false,"template":"","format":"standard","meta":[],"categories":[5],"tags":[],"_links":{"self":[{"href":"https:\/\/www2.uepg.br\/prae\/wp-json\/wp\/v2\/posts\/805"}],"collection":[{"href":"https:\/\/www2.uepg.br\/prae\/wp-json\/wp\/v2\/posts"}],"about":[{"href":"https:\/\/www2.uepg.br\/prae\/wp-json\/wp\/v2\/types\/post"}],"author":[{"embeddable":true,"href":"https:\/\/www2.uepg.br\/prae\/wp-json\/wp\/v2\/users\/37"}],"replies":[{"embeddable":true,"href":"https:\/\/www2.uepg.br\/prae\/wp-json\/wp\/v2\/comments?post=805"}],"version-history":[{"count":1,"href":"https:\/\/www2.uepg.br\/prae\/wp-json\/wp\/v2\/posts\/805\/revisions"}],"predecessor-version":[{"id":806,"href":"https:\/\/www2.uepg.br\/prae\/wp-json\/wp\/v2\/posts\/805\/revisions\/806"}],"wp:featuredmedia":[{"embeddable":true,"href":"https:\/\/www2.uepg.br\/prae\/wp-json\/wp\/v2\/media\/756"}],"wp:attachment":[{"href":"https:\/\/www2.uepg.br\/prae\/wp-json\/wp\/v2\/media?parent=805"}],"wp:term":[{"taxonomy":"category","embeddable":true,"href":"https:\/\/www2.uepg.br\/prae\/wp-json\/wp\/v2\/categories?post=805"},{"taxonomy":"post_tag","embeddable":true,"href":"https:\/\/www2.uepg.br\/prae\/wp-json\/wp\/v2\/tags?post=805"}],"curies":[{"name":"wp","href":"https:\/\/api.w.org\/{rel}","templated":true}]}}